{"id":33594,"date":"2026-09-02T04:36:37","date_gmt":"2026-09-02T07:36:37","guid":{"rendered":"https:\/\/acontecenafronteira.com.br\/?p=33594"},"modified":"2026-09-02T04:36:37","modified_gmt":"2026-09-02T07:36:37","slug":"aviao-da-latam-sai-da-pista-e-atola-em-aeroporto-do-parana","status":"publish","type":"post","link":"https:\/\/acontecenafronteira.com.br\/index.php\/2026\/09\/02\/aviao-da-latam-sai-da-pista-e-atola-em-aeroporto-do-parana\/","title":{"rendered":"Avi\u00e3o da Latam sai da pista e atola em aeroporto do Paran\u00e1"},"content":{"rendered":"<p>Uma aeronave da Latam ultrapassou os limites da pista e atolou na lama ap\u00f3s pousar no Aeroporto Regional de Cascavel, localizado no Oeste do Paran\u00e1. O incidente ocorreu na manh\u00e3 de segunda-feira (31), transportando um total de 151 ocupantes, entre passageiros e tripulantes, sem registro de feridos.<\/p>\n<h2>Resgate e reabertura do aeroporto<\/h2>\n<p>O avi\u00e3o realizava o voo LA3858, que partiu do Aeroporto Internacional de Guarulhos, em S\u00e3o Paulo, com destino ao interior paranaense. A bordo estavam 145 passageiros e seis membros da tripula\u00e7\u00e3o. Ap\u00f3s o encerramento dos procedimentos de seguran\u00e7a e a remo\u00e7\u00e3o da aeronave, o terminal a\u00e9reo foi totalmente reaberto \u00e0s 10h de ter\u00e7a-feira (1\u00ba).<\/p>\n<h2>Condi\u00e7\u00f5es clim\u00e1ticas adversas<\/h2>\n<p>Registros em v\u00eddeo mostram a aproxima\u00e7\u00e3o da aeronave sob forte chuva e com grande ac\u00famulo de \u00e1gua na pista. Conforme relatos do piloto, o pouso ocorreu em uma superf\u00edcie altamente escorregadia, fazendo com que o ve\u00edculo ultrapassasse o pavimento e parasse diretamente em uma \u00e1rea de lama.<\/p>\n<h2>Investiga\u00e7\u00e3o oficial em andamento<\/h2>\n<p>O Centro de Investiga\u00e7\u00e3o e Preven\u00e7\u00e3o de Acidentes Aeron\u00e1uticos (Cenipa) iniciou a apura\u00e7\u00e3o para esclarecer os fatores que provocaram a sa\u00edda da pista. Os investigadores foram encarregados da A\u00e7\u00e3o Inicial, etapa que consiste na coleta de dados, verifica\u00e7\u00e3o de danos e levantamento de informa\u00e7\u00f5es essenciais para evitar novas ocorr\u00eancias semelhantes, sem o objetivo de apontar culpados.<\/p>\n<h2>Impactos na opera\u00e7\u00e3o da companhia<\/h2>\n<p>Em decorr\u00eancia do imprevisto, o voo de retorno de Cascavel para Guarulhos foi cancelado pela empresa a\u00e9rea. Os passageiros afetados receberam assist\u00eancia e foram reacomodados em outras viagens com partida de Foz do Igua\u00e7u. A companhia refor\u00e7ou que cumpre rigorosos padr\u00f5es de seguran\u00e7a e coopera plenamente com os \u00f3rg\u00e3os competentes na apura\u00e7\u00e3o dos fatos.<\/p>\n<p>Por Reda\u00e7\u00e3o Acontece<\/p>\n<p>Reprodu\u00e7\u00e3o\/ Redes sociais<\/p>\n","protected":false},"excerpt":{"rendered":"<p>Uma aeronave da Latam ultrapassou os limites da pista e atolou na lama ap\u00f3s pousar no Aeroporto Regional de Cascavel, localizado no Oeste do Paran\u00e1. O incidente ocorreu na manh\u00e3 de segunda-feira (31), transportando um total de 151 ocupantes, entre passageiros e tripulantes, sem registro de feridos. Resgate e reabertura do aeroporto O avi\u00e3o realizava [&hellip;]<\/p>\n","protected":false},"author":0,"featured_media":33602,"comment_status":"open","ping_status":"open","sticky":false,"template":"","format":"standard","meta":{"footnotes":""},"categories":[18],"tags":[],"class_list":["post-33594","post","type-post","status-publish","format-standard","has-post-thumbnail","hentry","category-parana"],"_links":{"self":[{"href":"https:\/\/acontecenafronteira.com.br\/index.php\/wp-json\/wp\/v2\/posts\/33594","targetHints":{"allow":["GET"]}}],"collection":[{"href":"https:\/\/acontecenafronteira.com.br\/index.php\/wp-json\/wp\/v2\/posts"}],"about":[{"href":"https:\/\/acontecenafronteira.com.br\/index.php\/wp-json\/wp\/v2\/types\/post"}],"replies":[{"embeddable":true,"href":"https:\/\/acontecenafronteira.com.br\/index.php\/wp-json\/wp\/v2\/comments?post=33594"}],"version-history":[{"count":1,"href":"https:\/\/acontecenafronteira.com.br\/index.php\/wp-json\/wp\/v2\/posts\/33594\/revisions"}],"predecessor-version":[{"id":33601,"href":"https:\/\/acontecenafronteira.com.br\/index.php\/wp-json\/wp\/v2\/posts\/33594\/revisions\/33601"}],"wp:featuredmedia":[{"embeddable":true,"href":"https:\/\/acontecenafronteira.com.br\/index.php\/wp-json\/wp\/v2\/media\/33602"}],"wp:attachment":[{"href":"https:\/\/acontecenafronteira.com.br\/index.php\/wp-json\/wp\/v2\/media?parent=33594"}],"wp:term":[{"taxonomy":"category","embeddable":true,"href":"https:\/\/acontecenafronteira.com.br\/index.php\/wp-json\/wp\/v2\/categories?post=33594"},{"taxonomy":"post_tag","embeddable":true,"href":"https:\/\/acontecenafronteira.com.br\/index.php\/wp-json\/wp\/v2\/tags?post=33594"}],"curies":[{"name":"wp","href":"https:\/\/api.w.org\/{rel}","templated":true}]}}