{"id":33592,"date":"2026-09-02T04:36:25","date_gmt":"2026-09-02T07:36:25","guid":{"rendered":"https:\/\/acontecenafronteira.com.br\/?p=33592"},"modified":"2026-09-02T04:36:25","modified_gmt":"2026-09-02T07:36:25","slug":"candidatos-ao-governo-do-parana-intensificam-agendas","status":"publish","type":"post","link":"https:\/\/acontecenafronteira.com.br\/index.php\/2026\/09\/02\/candidatos-ao-governo-do-parana-intensificam-agendas\/","title":{"rendered":"Candidatos ao governo do Paran\u00e1 intensificam agendas"},"content":{"rendered":"<p>Nesta ter\u00e7a-feira (1\u00ba), os postulantes ao Pal\u00e1cio Igua\u00e7u movimentam a corrida eleitoral com compromissos em Curitiba e na Regi\u00e3o Metropolitana, incluindo sabatinas, encontros com o setor produtivo e atividades corpo a corpo com os eleitores.<\/p>\n<h2>Movimenta\u00e7\u00f5es na capital e regi\u00e3o<\/h2>\n<p>As atividades de rua ganharam destaque na agenda de alguns concorrentes, que aproveitaram para dialogar diretamente com a popula\u00e7\u00e3o e apresentar propostas.<\/p>\n<p>Alexandre Salom\u00e3o (Mobiliza) realizou a\u00e7\u00f5es de panfletagem no bairro Boa Vista, conversando com moradores e distribuindo material gr\u00e1fico, al\u00e9m de cumprir agenda de transmiss\u00e3o ao vivo \u00e0 noite.<\/p>\n<p>Por sua vez, Tayn\u00e1 Miessa (Unidade Popular) concentrou sua campanha matinal na tradicional Rua XV de Novembro, em Curitiba, onde realizou panfletagem das 9h \u00e0s 12h. Outros nomes, como Adriano Funileiro (PCO), Luiz Fran\u00e7a (Miss\u00e3o) e Samuel de Mattos (PSTU), optaram por n\u00e3o divulgar compromissos p\u00fablicos para o dia.<\/p>\n<h2>Encontros estrat\u00e9gicos e setor produtivo<\/h2>\n<p>As reuni\u00f5es com diferentes segmentos da sociedade marcaram a agenda dos principais nomes na disputa pelo governo estadual.<\/p>\n<p>Requi\u00e3o Filho (PDT) iniciou o dia no Mercado Municipal, reuniu-se \u00e0 tarde com policiais civis na sede do Sinclapol e encerrou a jornada com lideran\u00e7as em Mandirituba.<\/p>\n<p>Sandro Alex (PSD) debateu demandas com a Ocepar, almo\u00e7ou com empres\u00e1rios, passou por sabatina e encontrou representantes da pauta ambiental antes de participar de lan\u00e7amentos de candidaturas.<\/p>\n<p>J\u00e1 S\u00e9rgio Moro (PL) cumpriu sabatina, gravou material para o hor\u00e1rio eleitoral e visitou o Mercado Municipal antes de seguir para Bras\u00edlia devido a compromissos no Congresso Nacional.<\/p>\n<p>A disputa pelo comando do executivo paranaense conta com oito nomes homologados pelos partidos, com o primeiro turno agendado para o dia 4 de outubro e um eventual segundo turno para 25 de outubro.<\/p>\n<p>Por Reda\u00e7\u00e3o Acontece<\/p>\n<p>Natalia Filippin\/G1<\/p>\n","protected":false},"excerpt":{"rendered":"<p>Nesta ter\u00e7a-feira (1\u00ba), os postulantes ao Pal\u00e1cio Igua\u00e7u movimentam a corrida eleitoral com compromissos em Curitiba e na Regi\u00e3o Metropolitana, incluindo sabatinas, encontros com o setor produtivo e atividades corpo a corpo com os eleitores. Movimenta\u00e7\u00f5es na capital e regi\u00e3o As atividades de rua ganharam destaque na agenda de alguns concorrentes, que aproveitaram para dialogar [&hellip;]<\/p>\n","protected":false},"author":0,"featured_media":33598,"comment_status":"open","ping_status":"open","sticky":false,"template":"","format":"standard","meta":{"footnotes":""},"categories":[18],"tags":[],"class_list":["post-33592","post","type-post","status-publish","format-standard","has-post-thumbnail","hentry","category-parana"],"_links":{"self":[{"href":"https:\/\/acontecenafronteira.com.br\/index.php\/wp-json\/wp\/v2\/posts\/33592","targetHints":{"allow":["GET"]}}],"collection":[{"href":"https:\/\/acontecenafronteira.com.br\/index.php\/wp-json\/wp\/v2\/posts"}],"about":[{"href":"https:\/\/acontecenafronteira.com.br\/index.php\/wp-json\/wp\/v2\/types\/post"}],"replies":[{"embeddable":true,"href":"https:\/\/acontecenafronteira.com.br\/index.php\/wp-json\/wp\/v2\/comments?post=33592"}],"version-history":[{"count":1,"href":"https:\/\/acontecenafronteira.com.br\/index.php\/wp-json\/wp\/v2\/posts\/33592\/revisions"}],"predecessor-version":[{"id":33597,"href":"https:\/\/acontecenafronteira.com.br\/index.php\/wp-json\/wp\/v2\/posts\/33592\/revisions\/33597"}],"wp:featuredmedia":[{"embeddable":true,"href":"https:\/\/acontecenafronteira.com.br\/index.php\/wp-json\/wp\/v2\/media\/33598"}],"wp:attachment":[{"href":"https:\/\/acontecenafronteira.com.br\/index.php\/wp-json\/wp\/v2\/media?parent=33592"}],"wp:term":[{"taxonomy":"category","embeddable":true,"href":"https:\/\/acontecenafronteira.com.br\/index.php\/wp-json\/wp\/v2\/categories?post=33592"},{"taxonomy":"post_tag","embeddable":true,"href":"https:\/\/acontecenafronteira.com.br\/index.php\/wp-json\/wp\/v2\/tags?post=33592"}],"curies":[{"name":"wp","href":"https:\/\/api.w.org\/{rel}","templated":true}]}}