{"id":33591,"date":"2026-09-02T04:35:49","date_gmt":"2026-09-02T07:35:49","guid":{"rendered":"https:\/\/acontecenafronteira.com.br\/?p=33591"},"modified":"2026-09-02T04:35:49","modified_gmt":"2026-09-02T07:35:49","slug":"gleisi-hoffmann-defende-impeachment-de-ministros-do-stf-em-caso-de-crime","status":"publish","type":"post","link":"https:\/\/acontecenafronteira.com.br\/index.php\/2026\/09\/02\/gleisi-hoffmann-defende-impeachment-de-ministros-do-stf-em-caso-de-crime\/","title":{"rendered":"Gleisi Hoffmann defende impeachment de ministros do STF em caso de crime"},"content":{"rendered":"<p>Gleisi Hoffmann defende impeachment de ministros do STF em caso de crime Candidata ao Senado pelo Paran\u00e1, Gleisi Hoffmann afirmou que impeachment de ministros do STF n\u00e3o \u00e9 tabu. Veja os principais pontos da entrevista. Durante sabatina realizada nesta ter\u00e7a-feira (1\u00ba), a candidata ao Senado pelo Paran\u00e1 Gleisi Hoffmann (PT) declarou que apoia a abertura de processos de impeachment contra ministros do <strong>Supremo Tribunal Federal (STF)<\/strong> caso haja comprova\u00e7\u00e3o de irregularidades ou crimes. <\/p>\n<h2>O papel do Senado e a legalidade do processo<\/h2>\n<\/p>\n<p> A petista ressaltou que a an\u00e1lise e o julgamento de magistrados da Suprema Corte est\u00e3o previstos nas atribui\u00e7\u00f5es constitucionais do <strong>Senado Federal<\/strong>. Para ela, a medida n\u00e3o representa nenhum tabu e faz parte das fun\u00e7\u00f5es institucionais da Casa legislativa quando existem ind\u00edcios concretos de il\u00edcitos. <\/p>\n<h2>Posicionamento sobre corrup\u00e7\u00e3o e investiga\u00e7\u00f5es<\/h2>\n<\/p>\n<p> Questionada sobre os esc\u00e2ndalos de corrup\u00e7\u00e3o associados ao hist\u00f3rico do seu partido, a candidata pontuou que os casos foram devidamente julgados e debatidos com a sociedade. Ela tamb\u00e9m defendeu que todas as den\u00fancias atuais, incluindo investiga\u00e7\u00f5es envolvendo figuras pol\u00edticas de diferentes correntes partid\u00e1rias, devem ser apuradas com rigor e transpar\u00eancia. <\/p>\n<h2>Debate sobre o INSS e jornadas de trabalho<\/h2>\n<\/p>\n<p> Outro ponto abordado na entrevista foi o esquema de descontos indevidos em aposentadorias do <strong>INSS<\/strong>. A candidata argumentou que o problema teve in\u00edcio em gest\u00f5es passadas e destacou que a atual administra\u00e7\u00e3o federal adotou provid\u00eancias para ressarcir os benefici\u00e1rios afetados. No campo trabalhista, ela manifestou apoio ao fim da <strong>escala 6&#215;1<\/strong>, apontando os benef\u00edcios da medida especialmente para as mulheres que acumulam m\u00faltiplas jornadas. <\/p>\n<h2>Propostas para o agroneg\u00f3cio e seguran\u00e7a nas estradas<\/h2>\n<\/p>\n<p> A sabatina tamb\u00e9m incluiu temas econ\u00f4micos e de infraestrutura. Sobre o setor agropecu\u00e1rio, a postulante ao Senado defendeu a proibi\u00e7\u00e3o da exporta\u00e7\u00e3o de animais vivos, argumentando que o estado deve priorizar a comercializa\u00e7\u00e3o de carne processada para gerar mais empregos locais. No que tange \u00e0 seguran\u00e7a rodovi\u00e1ria, ela cobrou maior rigor na fiscaliza\u00e7\u00e3o de cargas e a revis\u00e3o das leis de tr\u00e2nsito. Por Reda\u00e7\u00e3o Acontece Vit\u00f3ria Smarci\/RPC<\/p>\n","protected":false},"excerpt":{"rendered":"<p>Gleisi Hoffmann defende impeachment de ministros do STF em caso de crime Candidata ao Senado pelo Paran\u00e1, Gleisi Hoffmann afirmou que impeachment de ministros do STF n\u00e3o \u00e9 tabu. Veja os principais pontos da entrevista. Durante sabatina realizada nesta ter\u00e7a-feira (1\u00ba), a candidata ao Senado pelo Paran\u00e1 Gleisi Hoffmann (PT) declarou que apoia a abertura [&hellip;]<\/p>\n","protected":false},"author":0,"featured_media":33596,"comment_status":"open","ping_status":"open","sticky":false,"template":"","format":"standard","meta":{"footnotes":""},"categories":[18],"tags":[],"class_list":["post-33591","post","type-post","status-publish","format-standard","has-post-thumbnail","hentry","category-parana"],"_links":{"self":[{"href":"https:\/\/acontecenafronteira.com.br\/index.php\/wp-json\/wp\/v2\/posts\/33591","targetHints":{"allow":["GET"]}}],"collection":[{"href":"https:\/\/acontecenafronteira.com.br\/index.php\/wp-json\/wp\/v2\/posts"}],"about":[{"href":"https:\/\/acontecenafronteira.com.br\/index.php\/wp-json\/wp\/v2\/types\/post"}],"replies":[{"embeddable":true,"href":"https:\/\/acontecenafronteira.com.br\/index.php\/wp-json\/wp\/v2\/comments?post=33591"}],"version-history":[{"count":1,"href":"https:\/\/acontecenafronteira.com.br\/index.php\/wp-json\/wp\/v2\/posts\/33591\/revisions"}],"predecessor-version":[{"id":33595,"href":"https:\/\/acontecenafronteira.com.br\/index.php\/wp-json\/wp\/v2\/posts\/33591\/revisions\/33595"}],"wp:featuredmedia":[{"embeddable":true,"href":"https:\/\/acontecenafronteira.com.br\/index.php\/wp-json\/wp\/v2\/media\/33596"}],"wp:attachment":[{"href":"https:\/\/acontecenafronteira.com.br\/index.php\/wp-json\/wp\/v2\/media?parent=33591"}],"wp:term":[{"taxonomy":"category","embeddable":true,"href":"https:\/\/acontecenafronteira.com.br\/index.php\/wp-json\/wp\/v2\/categories?post=33591"},{"taxonomy":"post_tag","embeddable":true,"href":"https:\/\/acontecenafronteira.com.br\/index.php\/wp-json\/wp\/v2\/tags?post=33591"}],"curies":[{"name":"wp","href":"https:\/\/api.w.org\/{rel}","templated":true}]}}