{"id":33584,"date":"2026-09-02T03:37:27","date_gmt":"2026-09-02T06:37:27","guid":{"rendered":"https:\/\/acontecenafronteira.com.br\/?p=33584"},"modified":"2026-09-02T03:37:27","modified_gmt":"2026-09-02T06:37:27","slug":"colisao-de-navios-perto-de-istambul-deixa-dez-desaparecidos","status":"publish","type":"post","link":"https:\/\/acontecenafronteira.com.br\/index.php\/2026\/09\/02\/colisao-de-navios-perto-de-istambul-deixa-dez-desaparecidos\/","title":{"rendered":"Colis\u00e3o de navios perto de Istambul deixa dez desaparecidos"},"content":{"rendered":"<p>Uma colis\u00e3o entre duas embarca\u00e7\u00f5es mercantes de bandeira turca no Mar de M\u00e1rmara, nas proximidades de Silivri, em Istambul, resultou no desaparecimento de dez tripulantes nesta quarta-feira (2\/9).<\/p>\n<h2>Detalhes do acidente naval<\/h2>\n<p>O choque entre os navios Alsu e Tugberk Imamoglu ocorreu por volta das 3h da madrugada, no hor\u00e1rio local, conforme informou o gabinete do governador de Istambul.<\/p>\n<h2>Esfor\u00e7os de resgate na Turquia<\/h2>\n<p>At\u00e9 o momento, os \u00f3rg\u00e3os oficiais relatam total aus\u00eancia de comunica\u00e7\u00e3o com um dos barcos atingidos, justamente onde viajavam os dez marinheiros agora desaparecidos.<\/p>\n<p>Imediatamente ap\u00f3s o impacto, equipes da Guarda Costeira foram mobilizadas para a \u00e1rea mar\u00edtima a fim de conduzir as opera\u00e7\u00f5es de localiza\u00e7\u00e3o e salvamento.<\/p>\n<p>As autoridades locais continuam mapeando o per\u00edmetro em busca de sobreviventes e investigam as circunst\u00e2ncias exatas que provocaram o acidente entre as embarca\u00e7\u00f5es mercantes.<\/p>\n<p>Por Reda\u00e7\u00e3o Acontece<\/p>\n<p>Foto: Divulga\u00e7\u00e3o\/Guarda Costeira<\/p>\n","protected":false},"excerpt":{"rendered":"<p>Uma colis\u00e3o entre duas embarca\u00e7\u00f5es mercantes de bandeira turca no Mar de M\u00e1rmara, nas proximidades de Silivri, em Istambul, resultou no desaparecimento de dez tripulantes nesta quarta-feira (2\/9). Detalhes do acidente naval O choque entre os navios Alsu e Tugberk Imamoglu ocorreu por volta das 3h da madrugada, no hor\u00e1rio local, conforme informou o gabinete [&hellip;]<\/p>\n","protected":false},"author":0,"featured_media":33590,"comment_status":"open","ping_status":"open","sticky":false,"template":"","format":"standard","meta":{"footnotes":""},"categories":[6],"tags":[],"class_list":["post-33584","post","type-post","status-publish","format-standard","has-post-thumbnail","hentry","category-mercosul"],"_links":{"self":[{"href":"https:\/\/acontecenafronteira.com.br\/index.php\/wp-json\/wp\/v2\/posts\/33584","targetHints":{"allow":["GET"]}}],"collection":[{"href":"https:\/\/acontecenafronteira.com.br\/index.php\/wp-json\/wp\/v2\/posts"}],"about":[{"href":"https:\/\/acontecenafronteira.com.br\/index.php\/wp-json\/wp\/v2\/types\/post"}],"replies":[{"embeddable":true,"href":"https:\/\/acontecenafronteira.com.br\/index.php\/wp-json\/wp\/v2\/comments?post=33584"}],"version-history":[{"count":1,"href":"https:\/\/acontecenafronteira.com.br\/index.php\/wp-json\/wp\/v2\/posts\/33584\/revisions"}],"predecessor-version":[{"id":33589,"href":"https:\/\/acontecenafronteira.com.br\/index.php\/wp-json\/wp\/v2\/posts\/33584\/revisions\/33589"}],"wp:featuredmedia":[{"embeddable":true,"href":"https:\/\/acontecenafronteira.com.br\/index.php\/wp-json\/wp\/v2\/media\/33590"}],"wp:attachment":[{"href":"https:\/\/acontecenafronteira.com.br\/index.php\/wp-json\/wp\/v2\/media?parent=33584"}],"wp:term":[{"taxonomy":"category","embeddable":true,"href":"https:\/\/acontecenafronteira.com.br\/index.php\/wp-json\/wp\/v2\/categories?post=33584"},{"taxonomy":"post_tag","embeddable":true,"href":"https:\/\/acontecenafronteira.com.br\/index.php\/wp-json\/wp\/v2\/tags?post=33584"}],"curies":[{"name":"wp","href":"https:\/\/api.w.org\/{rel}","templated":true}]}}