{"id":33583,"date":"2026-09-02T03:37:24","date_gmt":"2026-09-02T06:37:24","guid":{"rendered":"https:\/\/acontecenafronteira.com.br\/?p=33583"},"modified":"2026-09-02T03:37:24","modified_gmt":"2026-09-02T06:37:24","slug":"candidatos-ao-gdf-propoem-armar-indigenas-e-mulheres-sob-risco","status":"publish","type":"post","link":"https:\/\/acontecenafronteira.com.br\/index.php\/2026\/09\/02\/candidatos-ao-gdf-propoem-armar-indigenas-e-mulheres-sob-risco\/","title":{"rendered":"Candidatos ao GDF prop\u00f5em armar ind\u00edgenas e mulheres sob risco"},"content":{"rendered":"<p>Entre os dez concorrentes ao Governo do Distrito Federal (GDF), dois se destacam por defender a libera\u00e7\u00e3o de armamentos para grupos civis espec\u00edficos em seus planos de governo. As iniciativas partem de Expedito Mendon\u00e7a (PCO) e Professor Robson (PSTU), focando em p\u00fablicos distintos que enfrentam situa\u00e7\u00f5es de vulnerabilidade.<\/p>\n<h2>Propostas voltadas para o campo e para o lar<\/h2>\n<p>\nEnquanto a chapa do PCO aponta para a autodefesa de trabalhadores rurais e ind\u00edgenas envolvidos em disputas de terra, a do PSTU direciona o foco para a prote\u00e7\u00e3o de mulheres que sofrem amea\u00e7as de parceiros ou ex-companheiros.<\/p>\n<h2>Limita\u00e7\u00f5es legais e compet\u00eancia federal<\/h2>\n<p>\nApesar do apelo eleitoral das medidas, especialistas lembram que governadores n\u00e3o possuem autonomia para alterar regras sobre o tema. Conforme estabelece o Estatuto do Desarmamento (Lei 10.826\/2003), a compet\u00eancia para legislar sobre posse e porte de armas \u00e9 exclusiva da Uni\u00e3o, restando aos chefes do Executivo estadual fortalecer as institui\u00e7\u00f5es de seguran\u00e7a p\u00fablica.<\/p>\n<h2>Riscos apontados por especialistas<\/h2>\n<p>\nAnalistas de seguran\u00e7a p\u00fablica alertam que iniciativas voltadas a armar coletivos civis costumam gerar resultados negativos, resultando em uma escalada da viol\u00eancia e no enfraquecimento das for\u00e7as policiais oficiais.<\/p>\n<h2>Debate sobre mulheres armadas no Congresso<\/h2>\n<p>\nNo \u00e2mbito federal, o Senado Federal analisa o Projeto de Lei n\u00ba 3272\/2024, que discute a possibilidade de porte de armas para mulheres com medidas protetivas, embora especialistas reforcem a necessidade de avalia\u00e7\u00f5es psicol\u00f3gicas rigorosas antes de inserir armamentos no ambiente dom\u00e9stico.<\/p>\n<h2>Justificativa dos candidatos<\/h2>\n<p>\nQuestionados sobre a viabilidade, os postulantes ao cargo defendem suas vis\u00f5es: o PSTU argumenta pela redu\u00e7\u00e3o da idade m\u00ednima para o porte em casos espec\u00edficos com custeio estatal do treinamento, enquanto o PCO defende a cria\u00e7\u00e3o de comit\u00eas populares inspirados em modelos internacionais de defesa territorial.<\/p>\n<p>Por Reda\u00e7\u00e3o Acontece Cr\u00e9ditos da imagem: Divulga\u00e7\u00e3o<\/p>\n","protected":false},"excerpt":{"rendered":"<p>Entre os dez concorrentes ao Governo do Distrito Federal (GDF), dois se destacam por defender a libera\u00e7\u00e3o de armamentos para grupos civis espec\u00edficos em seus planos de governo. As iniciativas partem de Expedito Mendon\u00e7a (PCO) e Professor Robson (PSTU), focando em p\u00fablicos distintos que enfrentam situa\u00e7\u00f5es de vulnerabilidade. Propostas voltadas para o campo e para [&hellip;]<\/p>\n","protected":false},"author":0,"featured_media":33588,"comment_status":"open","ping_status":"open","sticky":false,"template":"","format":"standard","meta":{"footnotes":""},"categories":[6],"tags":[],"class_list":["post-33583","post","type-post","status-publish","format-standard","has-post-thumbnail","hentry","category-mercosul"],"_links":{"self":[{"href":"https:\/\/acontecenafronteira.com.br\/index.php\/wp-json\/wp\/v2\/posts\/33583","targetHints":{"allow":["GET"]}}],"collection":[{"href":"https:\/\/acontecenafronteira.com.br\/index.php\/wp-json\/wp\/v2\/posts"}],"about":[{"href":"https:\/\/acontecenafronteira.com.br\/index.php\/wp-json\/wp\/v2\/types\/post"}],"replies":[{"embeddable":true,"href":"https:\/\/acontecenafronteira.com.br\/index.php\/wp-json\/wp\/v2\/comments?post=33583"}],"version-history":[{"count":1,"href":"https:\/\/acontecenafronteira.com.br\/index.php\/wp-json\/wp\/v2\/posts\/33583\/revisions"}],"predecessor-version":[{"id":33587,"href":"https:\/\/acontecenafronteira.com.br\/index.php\/wp-json\/wp\/v2\/posts\/33583\/revisions\/33587"}],"wp:featuredmedia":[{"embeddable":true,"href":"https:\/\/acontecenafronteira.com.br\/index.php\/wp-json\/wp\/v2\/media\/33588"}],"wp:attachment":[{"href":"https:\/\/acontecenafronteira.com.br\/index.php\/wp-json\/wp\/v2\/media?parent=33583"}],"wp:term":[{"taxonomy":"category","embeddable":true,"href":"https:\/\/acontecenafronteira.com.br\/index.php\/wp-json\/wp\/v2\/categories?post=33583"},{"taxonomy":"post_tag","embeddable":true,"href":"https:\/\/acontecenafronteira.com.br\/index.php\/wp-json\/wp\/v2\/tags?post=33583"}],"curies":[{"name":"wp","href":"https:\/\/api.w.org\/{rel}","templated":true}]}}