{"id":33569,"date":"2026-09-02T02:37:39","date_gmt":"2026-09-02T05:37:39","guid":{"rendered":"https:\/\/acontecenafronteira.com.br\/?p=33569"},"modified":"2026-09-02T02:37:39","modified_gmt":"2026-09-02T05:37:39","slug":"aquecimento-global-onu-alerta-para-alta-de-ate-18c-na-temperatura","status":"publish","type":"post","link":"https:\/\/acontecenafronteira.com.br\/index.php\/2026\/09\/02\/aquecimento-global-onu-alerta-para-alta-de-ate-18c-na-temperatura\/","title":{"rendered":"Aquecimento global: ONU alerta para alta de at\u00e9 1,8\u00b0C na temperatura"},"content":{"rendered":"<p>O planeta Terra caminha para um <b>aquecimento global<\/b> superior a 1,5\u00b0C j\u00e1 nos pr\u00f3ximos anos, conforme advertiu um estudo recente divulgado pelo Programa das Na\u00e7\u00f5es Unidas para o Meio Ambiente (Pnuma). Mesmo considerando um panorama otimista onde todas as promessas clim\u00e1ticas governamentais sejam cumpridas rigorosamente, a alta t\u00e9rmica deve alcan\u00e7ar a marca de 1,8\u00b0C.<\/p>\n<h2>Estrat\u00e9gia de revers\u00e3o clim\u00e1tica<\/h2>\n<p>Apesar dos progn\u00f3sticos preocupantes, a ag\u00eancia da ONU aponta que o cumprimento das metas estabelecidas pelo <b>Acordo de Paris<\/b> ainda \u00e9 vi\u00e1vel. A proposta consiste em limitar o avan\u00e7o da temperatura a 2\u00b0C em compara\u00e7\u00e3o ao per\u00edodo pr\u00e9-industrial, mantendo o esfor\u00e7o m\u00e1ximo para n\u00e3o ultrapassar 1,5\u00b0C por meio de uma t\u00e1tica de ultrapassagem, pico e decl\u00ednio.<\/p>\n<p>Para que esse plano funcione, o mundo precisar\u00e1 implementar redu\u00e7\u00f5es imediatas e cont\u00ednuas nas emiss\u00f5es de gases poluentes, com destaque para o metano. Al\u00e9m disso, o processo exige a remo\u00e7\u00e3o ativa de carbono da atmosfera, o que pode ser alcan\u00e7ado atrav\u00e9s de iniciativas como o <b>reflorestamento<\/b> em larga escala.<\/p>\n<h2>As quatro fases do controle t\u00e9rmico<\/h2>\n<p>O secret\u00e1rio-geral da ONU, Ant\u00f3nio Guterres, enfatizou que os inc\u00eandios florestais e as ondas de calor atuais funcionam como um chamado urgente. O plano para conter a crise divide-se em quatro etapas distintas.<\/p>\n<p>A primeira \u00e9 a exced\u00eancia, quando o limite de 1,5\u00b0C \u00e9 superado antes do \u00e1pice. Em seguida ocorre o planalto, momento em que o aquecimento se estabiliza no patamar m\u00e1ximo antes de regredir. A terceira fase \u00e9 o decl\u00ednio, marcada pela queda gradual das temperaturas m\u00e9dias. Por fim, a estabilizaci\u00f3n consolida o retorno aos patamares de 1,5\u00b0C ou menos.<\/p>\n<h2>Impactos severos e urg\u00eancia global<\/h2>\n<p>Para que o term\u00f4metro retorne \u00e0 meta ideal, contudo, \u00e9 fundamental que o pico da temperatura n\u00e3o ultrapasse 1,8\u00b0C. A diretora executiva do Pnuma, Inger Andersen, refor\u00e7a que n\u00e3o existem cen\u00e1rios positivos se o planeta permanecer acima do limite seguro.<\/p>\n<p>Ultrapassar essa barreira significar\u00e1 enfrentar eventos clim\u00e1ticos extremos ainda mais violentos, degrada\u00e7\u00e3o de ecossistemas e o risco de submers\u00e3o para cidades costeiras e Pequenos Estados Insulares. Os danos tamb\u00e9m atingir\u00e3o profundamente a sa\u00fade humana, a seguran\u00e7a alimentar e a economia global.<\/p>\n<p>Por Reda\u00e7\u00e3o Acontece<\/p>\n<p>Imagem: Divulga\u00e7\u00e3o \/ ONU<\/p>\n","protected":false},"excerpt":{"rendered":"<p>O planeta Terra caminha para um aquecimento global superior a 1,5\u00b0C j\u00e1 nos pr\u00f3ximos anos, conforme advertiu um estudo recente divulgado pelo Programa das Na\u00e7\u00f5es Unidas para o Meio Ambiente (Pnuma). Mesmo considerando um panorama otimista onde todas as promessas clim\u00e1ticas governamentais sejam cumpridas rigorosamente, a alta t\u00e9rmica deve alcan\u00e7ar a marca de 1,8\u00b0C. Estrat\u00e9gia [&hellip;]<\/p>\n","protected":false},"author":0,"featured_media":33574,"comment_status":"open","ping_status":"open","sticky":false,"template":"","format":"standard","meta":{"footnotes":""},"categories":[6],"tags":[],"class_list":["post-33569","post","type-post","status-publish","format-standard","has-post-thumbnail","hentry","category-mercosul"],"_links":{"self":[{"href":"https:\/\/acontecenafronteira.com.br\/index.php\/wp-json\/wp\/v2\/posts\/33569","targetHints":{"allow":["GET"]}}],"collection":[{"href":"https:\/\/acontecenafronteira.com.br\/index.php\/wp-json\/wp\/v2\/posts"}],"about":[{"href":"https:\/\/acontecenafronteira.com.br\/index.php\/wp-json\/wp\/v2\/types\/post"}],"replies":[{"embeddable":true,"href":"https:\/\/acontecenafronteira.com.br\/index.php\/wp-json\/wp\/v2\/comments?post=33569"}],"version-history":[{"count":1,"href":"https:\/\/acontecenafronteira.com.br\/index.php\/wp-json\/wp\/v2\/posts\/33569\/revisions"}],"predecessor-version":[{"id":33573,"href":"https:\/\/acontecenafronteira.com.br\/index.php\/wp-json\/wp\/v2\/posts\/33569\/revisions\/33573"}],"wp:featuredmedia":[{"embeddable":true,"href":"https:\/\/acontecenafronteira.com.br\/index.php\/wp-json\/wp\/v2\/media\/33574"}],"wp:attachment":[{"href":"https:\/\/acontecenafronteira.com.br\/index.php\/wp-json\/wp\/v2\/media?parent=33569"}],"wp:term":[{"taxonomy":"category","embeddable":true,"href":"https:\/\/acontecenafronteira.com.br\/index.php\/wp-json\/wp\/v2\/categories?post=33569"},{"taxonomy":"post_tag","embeddable":true,"href":"https:\/\/acontecenafronteira.com.br\/index.php\/wp-json\/wp\/v2\/tags?post=33569"}],"curies":[{"name":"wp","href":"https:\/\/api.w.org\/{rel}","templated":true}]}}