{"id":33562,"date":"2026-09-02T02:37:00","date_gmt":"2026-09-02T05:37:00","guid":{"rendered":"https:\/\/acontecenafronteira.com.br\/?p=33562"},"modified":"2026-09-02T02:37:00","modified_gmt":"2026-09-02T05:37:00","slug":"candidatos-a-presidencia-2026-conheca-os-13-nomes-na-disputa","status":"publish","type":"post","link":"https:\/\/acontecenafronteira.com.br\/index.php\/2026\/09\/02\/candidatos-a-presidencia-2026-conheca-os-13-nomes-na-disputa\/","title":{"rendered":"Candidatos \u00e0 Presid\u00eancia 2026: Conhe\u00e7a os 13 nomes na disputa"},"content":{"rendered":"<p>O pleito nacional de 2026 contar\u00e1 com 13 chapas na corrida pelo Pal\u00e1cio do Planalto. O primeiro turno est\u00e1 agendado para o dia 4 de outubro, enquanto um eventual segundo turno deve ocorrer em 25 de outubro. A disputa re\u00fane desde pol\u00edticos tradicionais at\u00e9 nomes estreantes no cen\u00e1rio executivo federal.<\/p>\n<h2>Principais nomes da corrida presidencial<\/h2>\n<p>O atual chefe do Executivo, <strong>Luiz In\u00e1cio Lula da Silva<\/strong> (PT), busca a reelei\u00e7\u00e3o em sua s\u00e9tima campanha presidencial, mirando o quarto mandato. Ele repete a alian\u00e7a vitoriosa de 2022 ao lado de <strong>Geraldo Alckmin<\/strong> (PSB) como vice. No campo da oposi\u00e7\u00e3o, o senador fluminense <strong>Fl\u00e1vio Bolsonaro<\/strong> (PL) concorre tendo como vice o deputado federal <strong>Alfredo Gaspar<\/strong>.<\/p>\n<p>A disputa tamb\u00e9m conta com governadores e ex-gestores estaduais de destaque. <strong>Ronaldo Caiado<\/strong> (PSD), ex-governador de Goi\u00e1s, concorre com <strong>Gilberto Kassab<\/strong> na vice. J\u00e1 <strong>Romeu Zema<\/strong> (Novo), que cumpriu dois mandatos em Minas Gerais, lidera uma chapa pura ao lado do senador <strong>Eduardo Gir\u00e3o<\/strong>.<\/p>\n<h2>Novos atores pol\u00edticos e ativismo<\/h2>\n<p>Entre as novidades do pleito, <strong>Renan Santos<\/strong> (Miss\u00e3o), fundador do MBL, estreia em elei\u00e7\u00f5es tendo o militar da reserva <strong>Aroldo Medina<\/strong> como vice. O meio empresarial e cultural tamb\u00e9m marca presen\u00e7a com o escritor e psiquiatra <strong>Augusto Cury<\/strong> (Avante), acompanhado por <strong>J\u00falio Delgado<\/strong>, e o empres\u00e1rio e influenciador <strong>Pablo Mar\u00e7al<\/strong> (PRTB), cuja chapa tem <strong>Leonardo Avalanche<\/strong> como vice, embora seu registro dependa de an\u00e1lise da Justi\u00e7a Eleitoral devido \u00e0 suspens\u00e3o de direitos pol\u00edticos.<\/p>\n<h2>Candidaturas de partidos e movimentos sociais<\/h2>\n<p>A esquerda e os movimentos sociais apresentam candidaturas tradicionais e renovadas. O jornalista <strong>Rui Costa Pimenta<\/strong> (PCO) disputa novamente, tendo <strong>Ant\u00f4nio Carlos Silva<\/strong> como vice. O magist\u00e9rio e o sindicalismo aparecem com <strong>Edmilson Dias<\/strong> (PCB), junto a <strong>Cleusa Santos<\/strong>, e o professor e rapper <strong>Hertz Dias<\/strong> (PSTU), que concorre ao lado de <strong>Vanessa Portugal<\/strong>.<\/p>\n<p>Encerrando a lista de concorrentes, a dentista <strong>Samara Martins<\/strong> (UP) lidera uma chapa inteiramente feminina com <strong>Raquel Br\u00edcio<\/strong>. O veterin\u00e1rio <strong>Wilson Grassi<\/strong> representa o partido Democrata tendo <strong>Su\u00ead Haidar<\/strong> na vice. Por fim, a advogada <strong>Clariana Bar\u00e3o<\/strong> (DC) concorre ao lado de <strong>Fabiana Torquato<\/strong>, marcando a primeira elei\u00e7\u00e3o do partido sem a cabe\u00e7a de chapa hist\u00f3rica de Jos\u00e9 Maria Eymael.<\/p>\n<p>Por Reda\u00e7\u00e3o Acontece<\/p>\n<p>Imagem: Divulga\u00e7\u00e3o \/ TSE<\/p>\n","protected":false},"excerpt":{"rendered":"<p>O pleito nacional de 2026 contar\u00e1 com 13 chapas na corrida pelo Pal\u00e1cio do Planalto. O primeiro turno est\u00e1 agendado para o dia 4 de outubro, enquanto um eventual segundo turno deve ocorrer em 25 de outubro. A disputa re\u00fane desde pol\u00edticos tradicionais at\u00e9 nomes estreantes no cen\u00e1rio executivo federal. Principais nomes da corrida presidencial [&hellip;]<\/p>\n","protected":false},"author":0,"featured_media":33567,"comment_status":"open","ping_status":"open","sticky":false,"template":"","format":"standard","meta":{"footnotes":""},"categories":[28],"tags":[],"class_list":["post-33562","post","type-post","status-publish","format-standard","has-post-thumbnail","hentry","category-mundo"],"_links":{"self":[{"href":"https:\/\/acontecenafronteira.com.br\/index.php\/wp-json\/wp\/v2\/posts\/33562","targetHints":{"allow":["GET"]}}],"collection":[{"href":"https:\/\/acontecenafronteira.com.br\/index.php\/wp-json\/wp\/v2\/posts"}],"about":[{"href":"https:\/\/acontecenafronteira.com.br\/index.php\/wp-json\/wp\/v2\/types\/post"}],"replies":[{"embeddable":true,"href":"https:\/\/acontecenafronteira.com.br\/index.php\/wp-json\/wp\/v2\/comments?post=33562"}],"version-history":[{"count":1,"href":"https:\/\/acontecenafronteira.com.br\/index.php\/wp-json\/wp\/v2\/posts\/33562\/revisions"}],"predecessor-version":[{"id":33566,"href":"https:\/\/acontecenafronteira.com.br\/index.php\/wp-json\/wp\/v2\/posts\/33562\/revisions\/33566"}],"wp:featuredmedia":[{"embeddable":true,"href":"https:\/\/acontecenafronteira.com.br\/index.php\/wp-json\/wp\/v2\/media\/33567"}],"wp:attachment":[{"href":"https:\/\/acontecenafronteira.com.br\/index.php\/wp-json\/wp\/v2\/media?parent=33562"}],"wp:term":[{"taxonomy":"category","embeddable":true,"href":"https:\/\/acontecenafronteira.com.br\/index.php\/wp-json\/wp\/v2\/categories?post=33562"},{"taxonomy":"post_tag","embeddable":true,"href":"https:\/\/acontecenafronteira.com.br\/index.php\/wp-json\/wp\/v2\/tags?post=33562"}],"curies":[{"name":"wp","href":"https:\/\/api.w.org\/{rel}","templated":true}]}}