{"id":33553,"date":"2026-09-02T01:37:04","date_gmt":"2026-09-02T04:37:04","guid":{"rendered":"https:\/\/acontecenafronteira.com.br\/?p=33553"},"modified":"2026-09-02T01:37:04","modified_gmt":"2026-09-02T04:37:04","slug":"artur-jorge-explica-substituicoes-e-lamenta-queda-na-copa-do-brasil","status":"publish","type":"post","link":"https:\/\/acontecenafronteira.com.br\/index.php\/2026\/09\/02\/artur-jorge-explica-substituicoes-e-lamenta-queda-na-copa-do-brasil\/","title":{"rendered":"Artur Jorge explica substitui\u00e7\u00f5es e lamenta queda na Copa do Brasil"},"content":{"rendered":"<p>Artur Jorge explica substitui\u00e7\u00f5es e lamenta queda na Copa do Brasil T\u00e9cnico do Cruzeiro comenta elimina\u00e7\u00e3o para o Atl\u00e9tico-MG na Copa do Brasil, justifica as altera\u00e7\u00f5es e fala sobre o foco no Brasileir\u00e3o. O t\u00e9cnico Artur Jorge avaliou a elimina\u00e7\u00e3o do Cruzeiro diante do Atl\u00e9tico-MG na Copa do Brasil, ocorrida nesta ter\u00e7a-feira (1\/9), na Arena MRV. O comandante celeste reconheceu a dificuldade do cl\u00e1ssico e lamentou a frustra\u00e7\u00e3o gerada aos torcedores. <\/p>\n<h2>An\u00e1lise do cl\u00e1ssico e impacto da expuls\u00e3o<\/h2>\n<p> O treinador destacou que a partida foi equilibrada e marcada pela alta exig\u00eancia, t\u00edpica de um confronto eliminat\u00f3rio entre grandes rivais. No entanto, o cen\u00e1rio mudou drasticamente ap\u00f3s a expuls\u00e3o de um jogador cruzeirense, o que obrigou a equipe a recuar e se expor defensivamente. Com a derrota por 2 x 1 \u2014 gols de Victor Hugo e Fred para o Galo, e Kaio Jorge para a Raposa \u2014, o clube celeste acabou superado no placar agregado, j\u00e1 que a ida no Mineir\u00e3o terminou empatada em 1 x 1. <\/p>\n<h2>Justificativa para as mexidas na equipe<\/h2>\n<p> Durante a entrevista coletiva, Artur Jorge detalhou os motivos por tr\u00e1s das substitui\u00e7\u00f5es realizadas na reta final, quando sacou nomes como Matheus Pereira, Kaio Jorge e Gerson, escolhas que deram sobrevida ao advers\u00e1rio em campo. Segundo o comandante, a sa\u00edda de Gerson ocorreu por motivo de desgaste f\u00edsico, j\u00e1 que o atleta pediu para deixar o gramado sentindo um desconforto. Com apenas 30 minutos restantes no rel\u00f3gio e uma baixa importante, a comiss\u00e3o t\u00e9cnica precisou reestruturar o time rapidamente. A estrat\u00e9gia adotada foi montar uma linha defensiva com cinco jogadores e apostar em transi\u00e7\u00f5es r\u00e1pidas e verticalidade, utilizando Matheusinho e Kenji para explorar os espa\u00e7os deixados pela defesa atleticana e manter o time competitivo. <\/p>\n<h2>Sequ\u00eancia da temporada<\/h2>\n<p> Fora da Copa do Brasil, o Cruzeiro direciona agora todas as suas aten\u00e7\u00f5es para a disputa do Campeonato Brasileiro. A equipe ocupa atualmente a 6\u00aa posi\u00e7\u00e3o na tabela, somando 39 pontos. O pr\u00f3ximo compromisso da Raposa na competi\u00e7\u00e3o nacional est\u00e1 agendado para o pr\u00f3ximo domingo (6\/9), \u00e0s 16h, quando receber\u00e1 o Athletico-PR no est\u00e1dio do Mineir\u00e3o. Por Reda\u00e7\u00e3o Acontece Pedro Souza \/ Atl\u00e9tico<\/p>\n","protected":false},"excerpt":{"rendered":"<p>Artur Jorge explica substitui\u00e7\u00f5es e lamenta queda na Copa do Brasil T\u00e9cnico do Cruzeiro comenta elimina\u00e7\u00e3o para o Atl\u00e9tico-MG na Copa do Brasil, justifica as altera\u00e7\u00f5es e fala sobre o foco no Brasileir\u00e3o. O t\u00e9cnico Artur Jorge avaliou a elimina\u00e7\u00e3o do Cruzeiro diante do Atl\u00e9tico-MG na Copa do Brasil, ocorrida nesta ter\u00e7a-feira (1\/9), na Arena [&hellip;]<\/p>\n","protected":false},"author":0,"featured_media":33559,"comment_status":"open","ping_status":"open","sticky":false,"template":"","format":"standard","meta":{"footnotes":""},"categories":[6],"tags":[],"class_list":["post-33553","post","type-post","status-publish","format-standard","has-post-thumbnail","hentry","category-mercosul"],"_links":{"self":[{"href":"https:\/\/acontecenafronteira.com.br\/index.php\/wp-json\/wp\/v2\/posts\/33553","targetHints":{"allow":["GET"]}}],"collection":[{"href":"https:\/\/acontecenafronteira.com.br\/index.php\/wp-json\/wp\/v2\/posts"}],"about":[{"href":"https:\/\/acontecenafronteira.com.br\/index.php\/wp-json\/wp\/v2\/types\/post"}],"replies":[{"embeddable":true,"href":"https:\/\/acontecenafronteira.com.br\/index.php\/wp-json\/wp\/v2\/comments?post=33553"}],"version-history":[{"count":1,"href":"https:\/\/acontecenafronteira.com.br\/index.php\/wp-json\/wp\/v2\/posts\/33553\/revisions"}],"predecessor-version":[{"id":33558,"href":"https:\/\/acontecenafronteira.com.br\/index.php\/wp-json\/wp\/v2\/posts\/33553\/revisions\/33558"}],"wp:featuredmedia":[{"embeddable":true,"href":"https:\/\/acontecenafronteira.com.br\/index.php\/wp-json\/wp\/v2\/media\/33559"}],"wp:attachment":[{"href":"https:\/\/acontecenafronteira.com.br\/index.php\/wp-json\/wp\/v2\/media?parent=33553"}],"wp:term":[{"taxonomy":"category","embeddable":true,"href":"https:\/\/acontecenafronteira.com.br\/index.php\/wp-json\/wp\/v2\/categories?post=33553"},{"taxonomy":"post_tag","embeddable":true,"href":"https:\/\/acontecenafronteira.com.br\/index.php\/wp-json\/wp\/v2\/tags?post=33553"}],"curies":[{"name":"wp","href":"https:\/\/api.w.org\/{rel}","templated":true}]}}