{"id":33550,"date":"2026-09-02T01:36:35","date_gmt":"2026-09-02T04:36:35","guid":{"rendered":"https:\/\/acontecenafronteira.com.br\/?p=33550"},"modified":"2026-09-02T01:36:35","modified_gmt":"2026-09-02T04:36:35","slug":"caiado-escolhe-ratinho-jr-para-infraestrutura-em-2026","status":"publish","type":"post","link":"https:\/\/acontecenafronteira.com.br\/index.php\/2026\/09\/02\/caiado-escolhe-ratinho-jr-para-infraestrutura-em-2026\/","title":{"rendered":"Caiado escolhe Ratinho Jr para Infraestrutura em 2026"},"content":{"rendered":"<p>O candidato \u00e0 Presid\u00eancia da Rep\u00fablica <b>Ronaldo Caiado<\/b> (PSD) revelou que pretende nomear o atual governador do Paran\u00e1, <b>Ratinho Junior<\/b> (PSD), para o comando do <b>Minist\u00e9rio da Infraestrutura<\/b> caso ven\u00e7a a disputa pelo Pal\u00e1cio do Planalto.<\/p>\n<h2>O perfil estrat\u00e9gico do Paran\u00e1<\/h2>\n<p>O an\u00fancio foi feito com forte \u00eanfase na gest\u00e3o paranaense. O postulante ao cargo m\u00e1ximo do Executivo destacou os avan\u00e7os log\u00edsticos do estado sulista, especialmente no que tange ao setor portu\u00e1rio, como principal justificativa para a escolha do aliado pol\u00edtico.<\/p>\n<p>Para o pol\u00edtico goiano, a experi\u00eancia administrativa regional qualifica o governador para gerenciar a malha vi\u00e1ria, os modais ferrovi\u00e1rios e as vias naveg\u00e1veis em \u00e2mbito nacional, prometendo repetir em Bras\u00edlia o modelo de efici\u00eancia testado regionalmente.<\/p>\n<h2>Rea\u00e7\u00e3o e articula\u00e7\u00f5es pol\u00edticas<\/h2>\n<p>O chefe do Executivo paranaense aceitou publicamente a lembran\u00e7a de seu nome e elogiou a plataforma de campanha do colega de legenda, classificando a proposta como um compromisso com o desenvolvimento nacional e o resgate da credibilidade econ\u00f4mica.<\/p>\n<p>Vale destacar que a estrutura ministerial atual difere da proposta, j\u00e1 que a pasta original foi desmembrada pela gest\u00e3o do presidente <b>Luiz In\u00e1cio Lula da Silva<\/b> (PT) nas atuais Secretarias de <b>Transportes<\/b> e de <b>Portos e Aeroportos<\/b>.<\/p>\n<h2>Bastidores da corrida eleitoral<\/h2>\n<p>Antes de aceitar integrar a equipe econ\u00f4mica e administrativa do plano presidencial, o nome do governador havia sido ventilado internamente no partido para encabe\u00e7ar a chapa principal ao Planalto.<\/p>\n<p>Contudo, ap\u00f3s delibera\u00e7\u00f5es com familiares e alinhamento com a c\u00fapula nacional da sigla liderada por <b>Gilberto Kassab<\/b>, o pol\u00edtico optou por encerrar as especula\u00e7\u00f5es e cumprir integralmente seu mandato estadual at\u00e9 o final do ano vigente.<\/p>\n<p>Por Reda\u00e7\u00e3o Acontece<\/p>\n<p>Foto: Reprodu\u00e7\u00e3o \/ Redes Sociais<\/p>\n","protected":false},"excerpt":{"rendered":"<p>O candidato \u00e0 Presid\u00eancia da Rep\u00fablica Ronaldo Caiado (PSD) revelou que pretende nomear o atual governador do Paran\u00e1, Ratinho Junior (PSD), para o comando do Minist\u00e9rio da Infraestrutura caso ven\u00e7a a disputa pelo Pal\u00e1cio do Planalto. O perfil estrat\u00e9gico do Paran\u00e1 O an\u00fancio foi feito com forte \u00eanfase na gest\u00e3o paranaense. O postulante ao cargo [&hellip;]<\/p>\n","protected":false},"author":0,"featured_media":33555,"comment_status":"open","ping_status":"open","sticky":false,"template":"","format":"standard","meta":{"footnotes":""},"categories":[6],"tags":[],"class_list":["post-33550","post","type-post","status-publish","format-standard","has-post-thumbnail","hentry","category-mercosul"],"_links":{"self":[{"href":"https:\/\/acontecenafronteira.com.br\/index.php\/wp-json\/wp\/v2\/posts\/33550","targetHints":{"allow":["GET"]}}],"collection":[{"href":"https:\/\/acontecenafronteira.com.br\/index.php\/wp-json\/wp\/v2\/posts"}],"about":[{"href":"https:\/\/acontecenafronteira.com.br\/index.php\/wp-json\/wp\/v2\/types\/post"}],"replies":[{"embeddable":true,"href":"https:\/\/acontecenafronteira.com.br\/index.php\/wp-json\/wp\/v2\/comments?post=33550"}],"version-history":[{"count":1,"href":"https:\/\/acontecenafronteira.com.br\/index.php\/wp-json\/wp\/v2\/posts\/33550\/revisions"}],"predecessor-version":[{"id":33554,"href":"https:\/\/acontecenafronteira.com.br\/index.php\/wp-json\/wp\/v2\/posts\/33550\/revisions\/33554"}],"wp:featuredmedia":[{"embeddable":true,"href":"https:\/\/acontecenafronteira.com.br\/index.php\/wp-json\/wp\/v2\/media\/33555"}],"wp:attachment":[{"href":"https:\/\/acontecenafronteira.com.br\/index.php\/wp-json\/wp\/v2\/media?parent=33550"}],"wp:term":[{"taxonomy":"category","embeddable":true,"href":"https:\/\/acontecenafronteira.com.br\/index.php\/wp-json\/wp\/v2\/categories?post=33550"},{"taxonomy":"post_tag","embeddable":true,"href":"https:\/\/acontecenafronteira.com.br\/index.php\/wp-json\/wp\/v2\/tags?post=33550"}],"curies":[{"name":"wp","href":"https:\/\/api.w.org\/{rel}","templated":true}]}}