{"id":33533,"date":"2026-09-02T00:36:47","date_gmt":"2026-09-02T03:36:47","guid":{"rendered":"https:\/\/acontecenafronteira.com.br\/?p=33533"},"modified":"2026-09-02T00:36:47","modified_gmt":"2026-09-02T03:36:47","slug":"cresol-debate-o-futuro-do-cooperativismo-financeiro-no-concred","status":"publish","type":"post","link":"https:\/\/acontecenafronteira.com.br\/index.php\/2026\/09\/02\/cresol-debate-o-futuro-do-cooperativismo-financeiro-no-concred\/","title":{"rendered":"Cresol debate o futuro do cooperativismo financeiro no Concred"},"content":{"rendered":"<p>A institui\u00e7\u00e3o financeira cooperativa marcou presen\u00e7a na 16\u00aa edi\u00e7\u00e3o do <strong>Congresso Brasileiro do Cooperativismo de Cr\u00e9dito (Concred)<\/strong>, evento realizado entre os dias 26 e 28 de agosto, em Goi\u00e2nia, Goi\u00e1s.<\/p>\n<h2>Estrat\u00e9gias para o futuro do setor financeiro<\/h2>\n<p>\nCom uma delega\u00e7\u00e3o superior a 150 pessoas, a entidade acompanhou de perto os debates promovidos pela Confedera\u00e7\u00e3o Brasileira das Cooperativas de Cr\u00e9dito. O evento principal reuniu cerca de 5 mil profissionais sob o mote que discutiu o papel do segmento tanto no campo quanto nas cidades, visando um crescimento sustent\u00e1vel frente aos desafios tecnol\u00f3gicos e econ\u00f4micos globais.\n<\/p>\n<h2>Inova\u00e7\u00e3o e protagonismo feminino<\/h2>\n<p>\nEntre os pontos altos da programa\u00e7\u00e3o esteve o painel voltado \u00e0s tend\u00eancias que devem moldar o setor at\u00e9 2030, al\u00e9m do lan\u00e7amento da obra liter\u00e1ria que homenageia 40 mulheres de destaque no ecossistema cooperativo nacional, incluindo tr\u00eas representantes femininas ligadas \u00e0 institui\u00e7\u00e3o.\n<\/p>\n<h2>Alinhamento institucional e expans\u00e3o<\/h2>\n<p>\nO encontro tamb\u00e9m serviu como palco para reuni\u00f5es estrat\u00e9gicas do Conselho Consultivo Nacional do Ramo Cr\u00e9dito, onde foram debatidas pautas vitais como a Reforma Tribut\u00e1ria, o seguro rural e a seguran\u00e7a das opera\u00e7\u00f5es financeiras no pa\u00eds.\n<\/p>\n<p>\nCom mais de tr\u00eas d\u00e9cadas de trajet\u00f3ria, a rede financeira segue expandindo sua atua\u00e7\u00e3o, contabilizando atualmente mais de 1,2 milh\u00e3o de associados e ultrapassando a marca de mil ag\u00eancias voltadas ao atendimento humanizado e personalizado.\n<\/p>\n<p>Por Reda\u00e7\u00e3o Acontece<\/p>\n<p>Cr\u00e9ditos da imagem: Divulga\u00e7\u00e3o \/ Concred<\/p>\n","protected":false},"excerpt":{"rendered":"<p>A institui\u00e7\u00e3o financeira cooperativa marcou presen\u00e7a na 16\u00aa edi\u00e7\u00e3o do Congresso Brasileiro do Cooperativismo de Cr\u00e9dito (Concred), evento realizado entre os dias 26 e 28 de agosto, em Goi\u00e2nia, Goi\u00e1s. Estrat\u00e9gias para o futuro do setor financeiro Com uma delega\u00e7\u00e3o superior a 150 pessoas, a entidade acompanhou de perto os debates promovidos pela Confedera\u00e7\u00e3o Brasileira [&hellip;]<\/p>\n","protected":false},"author":0,"featured_media":33538,"comment_status":"open","ping_status":"open","sticky":false,"template":"","format":"standard","meta":{"footnotes":""},"categories":[18],"tags":[],"class_list":["post-33533","post","type-post","status-publish","format-standard","has-post-thumbnail","hentry","category-parana"],"_links":{"self":[{"href":"https:\/\/acontecenafronteira.com.br\/index.php\/wp-json\/wp\/v2\/posts\/33533","targetHints":{"allow":["GET"]}}],"collection":[{"href":"https:\/\/acontecenafronteira.com.br\/index.php\/wp-json\/wp\/v2\/posts"}],"about":[{"href":"https:\/\/acontecenafronteira.com.br\/index.php\/wp-json\/wp\/v2\/types\/post"}],"replies":[{"embeddable":true,"href":"https:\/\/acontecenafronteira.com.br\/index.php\/wp-json\/wp\/v2\/comments?post=33533"}],"version-history":[{"count":1,"href":"https:\/\/acontecenafronteira.com.br\/index.php\/wp-json\/wp\/v2\/posts\/33533\/revisions"}],"predecessor-version":[{"id":33537,"href":"https:\/\/acontecenafronteira.com.br\/index.php\/wp-json\/wp\/v2\/posts\/33533\/revisions\/33537"}],"wp:featuredmedia":[{"embeddable":true,"href":"https:\/\/acontecenafronteira.com.br\/index.php\/wp-json\/wp\/v2\/media\/33538"}],"wp:attachment":[{"href":"https:\/\/acontecenafronteira.com.br\/index.php\/wp-json\/wp\/v2\/media?parent=33533"}],"wp:term":[{"taxonomy":"category","embeddable":true,"href":"https:\/\/acontecenafronteira.com.br\/index.php\/wp-json\/wp\/v2\/categories?post=33533"},{"taxonomy":"post_tag","embeddable":true,"href":"https:\/\/acontecenafronteira.com.br\/index.php\/wp-json\/wp\/v2\/tags?post=33533"}],"curies":[{"name":"wp","href":"https:\/\/api.w.org\/{rel}","templated":true}]}}