{"id":33525,"date":"2026-09-01T23:37:17","date_gmt":"2026-09-02T02:37:17","guid":{"rendered":"https:\/\/acontecenafronteira.com.br\/?p=33525"},"modified":"2026-09-01T23:37:17","modified_gmt":"2026-09-02T02:37:17","slug":"atletico-mg-bate-cruzeiro-de-virada-e-vai-a-semifinal-da-copa-do-brasil","status":"publish","type":"post","link":"https:\/\/acontecenafronteira.com.br\/index.php\/2026\/09\/01\/atletico-mg-bate-cruzeiro-de-virada-e-vai-a-semifinal-da-copa-do-brasil\/","title":{"rendered":"Atl\u00e9tico-MG bate Cruzeiro de virada e vai \u00e0 semifinal da Copa do Brasil"},"content":{"rendered":"<p>O Atl\u00e9tico-MG garantiu sua vaga na semifinal da <strong>Copa do Brasil<\/strong> nesta ter\u00e7a-feira (1\/9) ao derrotar o Cruzeiro por 2 a 1, de virada, em um confronto eletrizante disputado na Arena MRV.<\/p>\n<h2>O desenrolar do cl\u00e1ssico mineiro<\/h2>\n<p>O embate come\u00e7ou com altera\u00e7\u00f5es de \u00faltima hora, j\u00e1 que Maycon sentiu dores na coxa esquerda e deu lugar a Natanael na equipe titular dos mandantes. O Galo pressionou no in\u00edcio, acertando a trave com Cassierra e parando em defesa milagrosa de Ot\u00e1vio em chute de Bernard. No entanto, foi a Raposa que abriu o placar aos 27 minutos da etapa inicial. Arroyo acionou Kaio Jorge na \u00e1rea, que sofreu p\u00eanalti de Vit\u00e3o. Na cobran\u00e7a, o pr\u00f3prio Kaio Jorge bateu com categoria para colocar os visitantes em vantagem.<\/p>\n<h2>Emo\u00e7\u00e3o at\u00e9 o apito final<\/h2>\n<p>O panorama do duelo mudou radicalmente aos 15 minutos do segundo tempo, quando Villalba recebeu o segundo cart\u00e3o amarelo ap\u00f3s falta em Tom\u00e1s Cuello e acabou expulso, deixando o time comandado por Artur Jorge com um jogador a menos em campo. Aproveitando a superioridade num\u00e9rica, o Alvinegro intensificou a press\u00e3o ofensiva em busca do empate.<\/p>\n<p>A insist\u00eancia deu resultado aos 32 minutos, quando Fred acionou Victor Hugo dentro da \u00e1rea; o meia girou rapidamente sobre a marca\u00e7\u00e3o e chutou para igualar o marcador na Arena MRV. A virada hist\u00f3rica veio aos 43 minutos, em jogada constru\u00edda por Cuello e corta-luz inteligente de Reinier, que terminou com finaliza\u00e7\u00e3o certeira de Fred, carimbando a trave antes de balan\u00e7ar as redes e sacramentar a classifica\u00e7\u00e3o atleticana.<\/p>\n<h2>Pr\u00f3ximos desafios na temporada<\/h2>\n<p>Com o objetivo cumprido no torneio mata-mata, os rivais mineiros voltam suas aten\u00e7\u00f5es para o Campeonato Brasileiro. O Atl\u00e9tico-MG entra em campo neste s\u00e1bado (5\/9) para enfrentar o S\u00e3o Paulo no MorumBIS, enquanto o Cruzeiro recebe o Athletico-PR no Mineir\u00e3o no domingo (6\/9), ambos os compromissos v\u00e1lidos pela 26\u00aa rodada da competi\u00e7\u00e3o nacional.<\/p>\n<p>Por Reda\u00e7\u00e3o Acontece<\/p>\n<p>Pedro Souza \/ Atl\u00e9tico<\/p>\n","protected":false},"excerpt":{"rendered":"<p>O Atl\u00e9tico-MG garantiu sua vaga na semifinal da Copa do Brasil nesta ter\u00e7a-feira (1\/9) ao derrotar o Cruzeiro por 2 a 1, de virada, em um confronto eletrizante disputado na Arena MRV. O desenrolar do cl\u00e1ssico mineiro O embate come\u00e7ou com altera\u00e7\u00f5es de \u00faltima hora, j\u00e1 que Maycon sentiu dores na coxa esquerda e deu [&hellip;]<\/p>\n","protected":false},"author":0,"featured_media":33530,"comment_status":"open","ping_status":"open","sticky":false,"template":"","format":"standard","meta":{"footnotes":""},"categories":[6],"tags":[],"class_list":["post-33525","post","type-post","status-publish","format-standard","has-post-thumbnail","hentry","category-mercosul"],"_links":{"self":[{"href":"https:\/\/acontecenafronteira.com.br\/index.php\/wp-json\/wp\/v2\/posts\/33525","targetHints":{"allow":["GET"]}}],"collection":[{"href":"https:\/\/acontecenafronteira.com.br\/index.php\/wp-json\/wp\/v2\/posts"}],"about":[{"href":"https:\/\/acontecenafronteira.com.br\/index.php\/wp-json\/wp\/v2\/types\/post"}],"replies":[{"embeddable":true,"href":"https:\/\/acontecenafronteira.com.br\/index.php\/wp-json\/wp\/v2\/comments?post=33525"}],"version-history":[{"count":1,"href":"https:\/\/acontecenafronteira.com.br\/index.php\/wp-json\/wp\/v2\/posts\/33525\/revisions"}],"predecessor-version":[{"id":33529,"href":"https:\/\/acontecenafronteira.com.br\/index.php\/wp-json\/wp\/v2\/posts\/33525\/revisions\/33529"}],"wp:featuredmedia":[{"embeddable":true,"href":"https:\/\/acontecenafronteira.com.br\/index.php\/wp-json\/wp\/v2\/media\/33530"}],"wp:attachment":[{"href":"https:\/\/acontecenafronteira.com.br\/index.php\/wp-json\/wp\/v2\/media?parent=33525"}],"wp:term":[{"taxonomy":"category","embeddable":true,"href":"https:\/\/acontecenafronteira.com.br\/index.php\/wp-json\/wp\/v2\/categories?post=33525"},{"taxonomy":"post_tag","embeddable":true,"href":"https:\/\/acontecenafronteira.com.br\/index.php\/wp-json\/wp\/v2\/tags?post=33525"}],"curies":[{"name":"wp","href":"https:\/\/api.w.org\/{rel}","templated":true}]}}