{"id":33516,"date":"2026-09-01T23:37:11","date_gmt":"2026-09-02T02:37:11","guid":{"rendered":"https:\/\/acontecenafronteira.com.br\/?p=33516"},"modified":"2026-09-01T23:37:11","modified_gmt":"2026-09-02T02:37:11","slug":"curandeiro-de-88-anos-morre-apos-assalto-brutal-em-sc","status":"publish","type":"post","link":"https:\/\/acontecenafronteira.com.br\/index.php\/2026\/09\/01\/curandeiro-de-88-anos-morre-apos-assalto-brutal-em-sc\/","title":{"rendered":"Curandeiro de 88 anos morre ap\u00f3s assalto brutal em SC"},"content":{"rendered":"<p>O famoso curandeiro Santo Piana, de 88 anos, faleceu nesta segunda-feira ap\u00f3s passar 19 dias internado na Unidade de Terapia Intensiva de um hospital em Joa\u00e7aba, Santa Catarina. O idoso havia sido brutalmente espancado e queimado durante um assalto \u00e0 sua resid\u00eancia, ocorrido no dia 12 de agosto, na zona rural de Tangar\u00e1.<\/p>\n<h2>A din\u00e2mica da invas\u00e3o e viol\u00eancia extrema<\/h2>\n<p>\nO crime aconteceu durante a madrugada, quando quatro criminosos invadiram a propriedade exigindo dinheiro. Como a v\u00edtima afirmou n\u00e3o possuir a quantia desejada, os assaltantes amarraram, espancaram e atearam fogo \u00e0s vestimentas do idoso antes de fugirem levando objetos de valor e o autom\u00f3vel dele.<\/p>\n<h2>Socorro tardio e transfer\u00eancia hospitalar<\/h2>\n<p>\nSomente horas mais tarde, ao recuperar a consci\u00eancia pela manh\u00e3, a v\u00edtima conseguiu clamar por socorro. Moradores da vizinhan\u00e7a escutaram os gritos e chamaram o resgate. O Corpo de Bombeiros prestou os socorros iniciais, encaminhando o idoso ao Hospital S\u00e3o Lucas. Dada a gravidade das queimaduras e les\u00f5es, houve necessidade de transfer\u00eancia para o Hospital Santa Terezinha.<\/p>\n<h2>Legado do curandeiro e como\u00e7\u00e3o familiar<\/h2>\n<p>\nConhecido em todo o estado catarinense, Santo Piana prestava servi\u00e7os de benzimento gratuito, considerando a pr\u00e1tica como uma miss\u00e3o de f\u00e9 baseada em preces a figuras sacras. Familiares confirmaram o \u00f3bito por meio das redes sociais, onde a sobrinha detalhou a gravidade dos ferimentos, e cobraram puni\u00e7\u00e3o rigorosa aos culpados.<\/p>\n<h2>Pris\u00e3o r\u00e1pida dos suspeitos<\/h2>\n<p>\nAs for\u00e7as de seguran\u00e7a capturaram os quatro envolvidos no crime em menos de 24 horas ap\u00f3s a a\u00e7\u00e3o criminosa, conseguindo recuperar o autom\u00f3vel subtra\u00eddo. A Pol\u00edcia Civil catarinense continua conduzindo as investiga\u00e7\u00f5es sobre o caso, inicialmente tratado como tentativa de latroc\u00ednio.<\/p>\n<p>Por Reda\u00e7\u00e3o Acontece Foto: Reprodu\u00e7\u00e3o \/ Redes Sociais<\/p>\n","protected":false},"excerpt":{"rendered":"<p>O famoso curandeiro Santo Piana, de 88 anos, faleceu nesta segunda-feira ap\u00f3s passar 19 dias internado na Unidade de Terapia Intensiva de um hospital em Joa\u00e7aba, Santa Catarina. O idoso havia sido brutalmente espancado e queimado durante um assalto \u00e0 sua resid\u00eancia, ocorrido no dia 12 de agosto, na zona rural de Tangar\u00e1. A din\u00e2mica [&hellip;]<\/p>\n","protected":false},"author":0,"featured_media":33523,"comment_status":"open","ping_status":"open","sticky":false,"template":"","format":"standard","meta":{"footnotes":""},"categories":[28],"tags":[],"class_list":["post-33516","post","type-post","status-publish","format-standard","has-post-thumbnail","hentry","category-mundo"],"_links":{"self":[{"href":"https:\/\/acontecenafronteira.com.br\/index.php\/wp-json\/wp\/v2\/posts\/33516","targetHints":{"allow":["GET"]}}],"collection":[{"href":"https:\/\/acontecenafronteira.com.br\/index.php\/wp-json\/wp\/v2\/posts"}],"about":[{"href":"https:\/\/acontecenafronteira.com.br\/index.php\/wp-json\/wp\/v2\/types\/post"}],"replies":[{"embeddable":true,"href":"https:\/\/acontecenafronteira.com.br\/index.php\/wp-json\/wp\/v2\/comments?post=33516"}],"version-history":[{"count":1,"href":"https:\/\/acontecenafronteira.com.br\/index.php\/wp-json\/wp\/v2\/posts\/33516\/revisions"}],"predecessor-version":[{"id":33522,"href":"https:\/\/acontecenafronteira.com.br\/index.php\/wp-json\/wp\/v2\/posts\/33516\/revisions\/33522"}],"wp:featuredmedia":[{"embeddable":true,"href":"https:\/\/acontecenafronteira.com.br\/index.php\/wp-json\/wp\/v2\/media\/33523"}],"wp:attachment":[{"href":"https:\/\/acontecenafronteira.com.br\/index.php\/wp-json\/wp\/v2\/media?parent=33516"}],"wp:term":[{"taxonomy":"category","embeddable":true,"href":"https:\/\/acontecenafronteira.com.br\/index.php\/wp-json\/wp\/v2\/categories?post=33516"},{"taxonomy":"post_tag","embeddable":true,"href":"https:\/\/acontecenafronteira.com.br\/index.php\/wp-json\/wp\/v2\/tags?post=33516"}],"curies":[{"name":"wp","href":"https:\/\/api.w.org\/{rel}","templated":true}]}}