{"id":33515,"date":"2026-09-01T23:36:42","date_gmt":"2026-09-02T02:36:42","guid":{"rendered":"https:\/\/acontecenafronteira.com.br\/?p=33515"},"modified":"2026-09-01T23:36:42","modified_gmt":"2026-09-02T02:36:42","slug":"vasco-revela-nova-camisa-exclusiva-inspirada-no-cirio-de-nazare","status":"publish","type":"post","link":"https:\/\/acontecenafronteira.com.br\/index.php\/2026\/09\/01\/vasco-revela-nova-camisa-exclusiva-inspirada-no-cirio-de-nazare\/","title":{"rendered":"Vasco revela nova camisa exclusiva inspirada no C\u00edrio de Nazar\u00e9"},"content":{"rendered":"<p>O <strong>Vasco da Gama<\/strong> surpreendeu sua torcida nesta segunda-feira ao apresentar oficialmente o seu novo uniforme comemorativo dedicado ao <strong>C\u00edrio de Nazar\u00e9 de 2026<\/strong>, uma das maiores e mais importantes festividades religiosas e culturais do Brasil.<\/p>\n<h2>Conex\u00e3o com a torcida nortista<\/h2>\n<p>Esta \u00e9 a segunda vez que a institui\u00e7\u00e3o lan\u00e7a uma pe\u00e7a exclusiva em parceria com o tradicional evento realizado no estado do Par\u00e1, dando continuidade \u00e0 iniciativa iniciada com sucesso em 2025. O objetivo principal da diretoria \u00e9 estreitar ainda mais os la\u00e7os com os torcedores vasca\u00ednos espalhados por todo o territ\u00f3rio nacional.<\/p>\n<p>De acordo com Jo\u00e3o Vitor Assun\u00e7\u00e3o, Diretor Comercial e de Marketing do Vasco da Gama SAF, a renova\u00e7\u00e3o da parceria demonstra o respeito do clube pelas tradi\u00e7\u00f5es brasileiras. Para o executivo, Bel\u00e9m abriga uma legi\u00e3o de adeptos extremamente apaixonada, tornando o projeto fundamental para fortalecer o v\u00ednculo entre a institui\u00e7\u00e3o, a cultura paraense, a f\u00e9 e o sentimento de pertencimento da torcida da Regi\u00e3o Norte.<\/p>\n<h2>Design e detalhes do uniforme<\/h2>\n<p>O processo de cria\u00e7\u00e3o buscou integrar perfeitamente a identidade visual cruzmaltina com os s\u00edmbolos sagrados do C\u00edrio. O tecido escolhido foi o Jacquard com relevo, que traz estampas combinando as flores tradicionais do manto de Nossa Senhora de Nazar\u00e9 com grafismos da est\u00e9tica marajoara inspirados nas cordas da prociss\u00e3o.<\/p>\n<p>Outro ponto de destaque est\u00e1 localizado na gola da pe\u00e7a, que apresenta uma coroa fazendo alus\u00e3o tanto ao adorno de Nossa Senhora quanto \u00e0s ra\u00edzes hist\u00f3ricas do clube ligadas \u00e0 realeza portuguesa. O modelo tamb\u00e9m aposta no brilho do tecido em cetim aliado a acabamentos em ouro vibrante, simbolizando a ilumina\u00e7\u00e3o da Bas\u00edlica de Nazar\u00e9 e a luz t\u00edpica do Par\u00e1.<\/p>\n<p>A camisa \u00e9 complementada por um escudo personalizado do evento religioso, mangas caneladas, alta respirabilidade e a aplica\u00e7\u00e3o da marca VG em dourado na regi\u00e3o traseira.<\/p>\n<h2>Vendas e cronograma da festividade<\/h2>\n<p>Os torcedores interessados em adquirir o novo artigo poder\u00e3o compr\u00e1-lo a partir do dia 18 de setembro. As vendas ocorrer\u00e3o fisicamente nas lojas oficiais Gigante da Colina e de forma digital por meio do ShopVasco e da Vasco Store, integrada ao aplicativo oficial do clube.<\/p>\n<p>Enquanto isso, as celebra\u00e7\u00f5es oficiais do C\u00edrio de Nazar\u00e9 est\u00e3o programadas para come\u00e7ar no dia 10 de outubro com a tradicional translada\u00e7\u00e3o, culminando na grande prociss\u00e3o principal no dia 11 de outubro.<\/p>\n<p>Por Reda\u00e7\u00e3o Acontece<\/p>\n<p>Divulga\u00e7\u00e3o \/ Vasco<\/p>\n","protected":false},"excerpt":{"rendered":"<p>O Vasco da Gama surpreendeu sua torcida nesta segunda-feira ao apresentar oficialmente o seu novo uniforme comemorativo dedicado ao C\u00edrio de Nazar\u00e9 de 2026, uma das maiores e mais importantes festividades religiosas e culturais do Brasil. Conex\u00e3o com a torcida nortista Esta \u00e9 a segunda vez que a institui\u00e7\u00e3o lan\u00e7a uma pe\u00e7a exclusiva em parceria [&hellip;]<\/p>\n","protected":false},"author":0,"featured_media":33521,"comment_status":"open","ping_status":"open","sticky":false,"template":"","format":"standard","meta":{"footnotes":""},"categories":[28],"tags":[],"class_list":["post-33515","post","type-post","status-publish","format-standard","has-post-thumbnail","hentry","category-mundo"],"_links":{"self":[{"href":"https:\/\/acontecenafronteira.com.br\/index.php\/wp-json\/wp\/v2\/posts\/33515","targetHints":{"allow":["GET"]}}],"collection":[{"href":"https:\/\/acontecenafronteira.com.br\/index.php\/wp-json\/wp\/v2\/posts"}],"about":[{"href":"https:\/\/acontecenafronteira.com.br\/index.php\/wp-json\/wp\/v2\/types\/post"}],"replies":[{"embeddable":true,"href":"https:\/\/acontecenafronteira.com.br\/index.php\/wp-json\/wp\/v2\/comments?post=33515"}],"version-history":[{"count":1,"href":"https:\/\/acontecenafronteira.com.br\/index.php\/wp-json\/wp\/v2\/posts\/33515\/revisions"}],"predecessor-version":[{"id":33520,"href":"https:\/\/acontecenafronteira.com.br\/index.php\/wp-json\/wp\/v2\/posts\/33515\/revisions\/33520"}],"wp:featuredmedia":[{"embeddable":true,"href":"https:\/\/acontecenafronteira.com.br\/index.php\/wp-json\/wp\/v2\/media\/33521"}],"wp:attachment":[{"href":"https:\/\/acontecenafronteira.com.br\/index.php\/wp-json\/wp\/v2\/media?parent=33515"}],"wp:term":[{"taxonomy":"category","embeddable":true,"href":"https:\/\/acontecenafronteira.com.br\/index.php\/wp-json\/wp\/v2\/categories?post=33515"},{"taxonomy":"post_tag","embeddable":true,"href":"https:\/\/acontecenafronteira.com.br\/index.php\/wp-json\/wp\/v2\/tags?post=33515"}],"curies":[{"name":"wp","href":"https:\/\/api.w.org\/{rel}","templated":true}]}}