{"id":33498,"date":"2026-09-01T22:36:18","date_gmt":"2026-09-02T01:36:18","guid":{"rendered":"https:\/\/acontecenafronteira.com.br\/?p=33498"},"modified":"2026-09-01T22:36:18","modified_gmt":"2026-09-02T01:36:18","slug":"nicaragua-aprova-reforma-que-bane-opositores-e-estende-mandato","status":"publish","type":"post","link":"https:\/\/acontecenafronteira.com.br\/index.php\/2026\/09\/01\/nicaragua-aprova-reforma-que-bane-opositores-e-estende-mandato\/","title":{"rendered":"Nicar\u00e1gua aprova reforma que bane opositores e estende mandato"},"content":{"rendered":"<p>A Assembleia Nacional da Nicar\u00e1gua aprovou por unanimidade uma profunda reestrutura\u00e7\u00e3o na Constitui\u00e7\u00e3o que veta a participa\u00e7\u00e3o de cr\u00edticos e opositores em disputas eleitorales no pa\u00eds.<\/p>\n<p>H2 Mudan\u00e7as dr\u00e1sticas no sistema pol\u00edtico nicaraguense<\/p>\n<p>H3 Amplia\u00e7\u00e3o do mandato presidencial A iniciativa, enviada pelo presidente Daniel Ortega e endossada pelo Legislativo dominado por governistas, tamb\u00e9m estende o per\u00edodo do mandato presidencial de seis para sete anos, permitindo a prorroga\u00e7\u00e3o no poder.<\/p>\n<p>H3 Restri\u00e7\u00f5es severas a opositores O texto aprovado impede que qualquer cidad\u00e3o considerado culpado de &#8220;atos golpistas&#8221;, &#8220;trai\u00e7\u00e3o \u00e0 p\u00e1tria&#8221; ou que tenha solicitado interven\u00e7\u00e3o militar possa se candidatar a cargos p\u00fablicos ou eletivos.<\/p>\n<p>H2 Contexto de poder centralizado e oposi\u00e7\u00e3o no ex\u00edlio<\/p>\n<p>H3 Controle absoluto do governo Daniel Ortega, de 80 anos, e sua esposa e copresidenta, Rosario Murillo, de 75, exercem controle total sobre as institui\u00e7\u00f5es nicaraguenses desde os protestos populares de 2018, duramente reprimidos pelo Estado.<\/p>\n<p>H3 Pr\u00f3ximos passos da emenda A nova legisla\u00e7\u00e3o, celebrada por aliados do regime no t\u00famulo do poeta Rub\u00e9n Dar\u00edo, ainda precisar\u00e1 passar por uma ratifica\u00e7\u00e3o em segundo turno legislativo, programada para o in\u00edcio de 2027.<\/p>\n<p>A medida consolida ainda mais o cen\u00e1rio pol\u00edtico controlado pelo partido governista Frente Sandinista de Liberta\u00e7\u00e3o Nacional (FSLN), enquanto l\u00edderes opositores permanecem exilados e sob san\u00e7\u00f5es.<\/p>\n<p>Por Reda\u00e7\u00e3o Acontece<\/p>\n<p>Foto: Reprodu\u00e7\u00e3o \/ Redes Sociais<\/p>\n","protected":false},"excerpt":{"rendered":"<p>A Assembleia Nacional da Nicar\u00e1gua aprovou por unanimidade uma profunda reestrutura\u00e7\u00e3o na Constitui\u00e7\u00e3o que veta a participa\u00e7\u00e3o de cr\u00edticos e opositores em disputas eleitorales no pa\u00eds. H2 Mudan\u00e7as dr\u00e1sticas no sistema pol\u00edtico nicaraguense H3 Amplia\u00e7\u00e3o do mandato presidencial A iniciativa, enviada pelo presidente Daniel Ortega e endossada pelo Legislativo dominado por governistas, tamb\u00e9m estende o [&hellip;]<\/p>\n","protected":false},"author":0,"featured_media":33504,"comment_status":"open","ping_status":"open","sticky":false,"template":"","format":"standard","meta":{"footnotes":""},"categories":[28],"tags":[],"class_list":["post-33498","post","type-post","status-publish","format-standard","has-post-thumbnail","hentry","category-mundo"],"_links":{"self":[{"href":"https:\/\/acontecenafronteira.com.br\/index.php\/wp-json\/wp\/v2\/posts\/33498","targetHints":{"allow":["GET"]}}],"collection":[{"href":"https:\/\/acontecenafronteira.com.br\/index.php\/wp-json\/wp\/v2\/posts"}],"about":[{"href":"https:\/\/acontecenafronteira.com.br\/index.php\/wp-json\/wp\/v2\/types\/post"}],"replies":[{"embeddable":true,"href":"https:\/\/acontecenafronteira.com.br\/index.php\/wp-json\/wp\/v2\/comments?post=33498"}],"version-history":[{"count":1,"href":"https:\/\/acontecenafronteira.com.br\/index.php\/wp-json\/wp\/v2\/posts\/33498\/revisions"}],"predecessor-version":[{"id":33503,"href":"https:\/\/acontecenafronteira.com.br\/index.php\/wp-json\/wp\/v2\/posts\/33498\/revisions\/33503"}],"wp:featuredmedia":[{"embeddable":true,"href":"https:\/\/acontecenafronteira.com.br\/index.php\/wp-json\/wp\/v2\/media\/33504"}],"wp:attachment":[{"href":"https:\/\/acontecenafronteira.com.br\/index.php\/wp-json\/wp\/v2\/media?parent=33498"}],"wp:term":[{"taxonomy":"category","embeddable":true,"href":"https:\/\/acontecenafronteira.com.br\/index.php\/wp-json\/wp\/v2\/categories?post=33498"},{"taxonomy":"post_tag","embeddable":true,"href":"https:\/\/acontecenafronteira.com.br\/index.php\/wp-json\/wp\/v2\/tags?post=33498"}],"curies":[{"name":"wp","href":"https:\/\/api.w.org\/{rel}","templated":true}]}}