{"id":33497,"date":"2026-09-01T22:35:52","date_gmt":"2026-09-02T01:35:52","guid":{"rendered":"https:\/\/acontecenafronteira.com.br\/?p=33497"},"modified":"2026-09-01T22:35:52","modified_gmt":"2026-09-02T01:35:52","slug":"flamengo-estuda-acionar-a-fifa-apos-dinamo-reprovar-plata","status":"publish","type":"post","link":"https:\/\/acontecenafronteira.com.br\/index.php\/2026\/09\/01\/flamengo-estuda-acionar-a-fifa-apos-dinamo-reprovar-plata\/","title":{"rendered":"Flamengo estuda acionar a Fifa ap\u00f3s D\u00ednamo reprovar Plata"},"content":{"rendered":"<p>Flamengo estuda acionar a Fifa ap\u00f3s D\u00ednamo reprovar Plata O Flamengo avalia levar o caso de Gonzalo Plata \u00e0 Fifa ap\u00f3s o D\u00ednamo de Moscou reprovar o atacante em exames m\u00e9dicos. Entenda os bastidores. A diretoria do Flamengo estuda acionar a Fifa contra o D\u00ednamo de Moscou, da R\u00fassia, ap\u00f3s o clube europeu desistir da contrata\u00e7\u00e3o de Gonzalo Plata alegando reprova\u00e7\u00e3o em exames m\u00e9dicos. <\/p>\n<h2>Posicionamento oficial e defesa do atleta<\/h2>\n<p> O clube carioca emitiu uma nota dura criticando a postura dos russos e sinalizou que pode buscar medidas de repara\u00e7\u00e3o para evitar que situa\u00e7\u00f5es semelhantes voltem a ocorrer no mercado da bola. Fontes internas confirmam que todas as alternativas jur\u00eddicas est\u00e3o sendo analisadas pela alta c\u00fapula rubro-negra. Na vis\u00e3o da institui\u00e7\u00e3o, o atacante equatoriano est\u00e1 totalmente apto para exercer suas atividades em alto rendimento. O departamento m\u00e9dico destacou que o atleta atuava normalmente tanto pela equipe carioca quanto pela sele\u00e7\u00e3o do Equador, ressaltando ainda a aus\u00eancia de hist\u00f3rico cir\u00fargico, fraturas ou condi\u00e7\u00f5es cr\u00f4nicas graves. <\/p>\n<h2>Impacto financeiro e desvaloriza\u00e7\u00e3o<\/h2>\n<p> Com o retorno do jogador ao plantel ap\u00f3s o neg\u00f3cio frustrado, a gest\u00e3o descartou tentar uma nova negocia\u00e7\u00e3o antes do fechamento da janela de transfer\u00eancias, entendendo que o epis\u00f3dio gerou uma queda no valor de mercado do atleta. O clube brasileiro classificou o desfecho como reflexo de amadorismo e irresponsabilidade, exigindo respeito aos ativos das equipes nacionais e cobrando puni\u00e7\u00f5es para coibir pr\u00e1ticas parecidas no exterior. <\/p>\n<h2>Bastidores da desist\u00eancia europeia<\/h2>\n<p> Nos corredores da G\u00e1vea, a avalia\u00e7\u00e3o \u00e9 de que o veto f\u00edsico serviu apenas como pretexto para que os russos recuassem da compra, j\u00e1 que optaram por direcionar esfor\u00e7os para uma alternativa mais barata. Logo ap\u00f3s o fracasso nas tratativas com o ponta equatoriano, a equipe de Moscou encaminhou a aquisi\u00e7\u00e3o de Maxi Guti\u00e9rrez, atleta que pertencia ao Independente del Valle, por um montante de 7 milh\u00f5es de euros. Por Reda\u00e7\u00e3o Acontece Cr\u00e9ditos da imagem: Reprodu\u00e7\u00e3o \/ Redes sociais<\/p>\n","protected":false},"excerpt":{"rendered":"<p>Flamengo estuda acionar a Fifa ap\u00f3s D\u00ednamo reprovar Plata O Flamengo avalia levar o caso de Gonzalo Plata \u00e0 Fifa ap\u00f3s o D\u00ednamo de Moscou reprovar o atacante em exames m\u00e9dicos. Entenda os bastidores. A diretoria do Flamengo estuda acionar a Fifa contra o D\u00ednamo de Moscou, da R\u00fassia, ap\u00f3s o clube europeu desistir da [&hellip;]<\/p>\n","protected":false},"author":0,"featured_media":33502,"comment_status":"open","ping_status":"open","sticky":false,"template":"","format":"standard","meta":{"footnotes":""},"categories":[28],"tags":[],"class_list":["post-33497","post","type-post","status-publish","format-standard","has-post-thumbnail","hentry","category-mundo"],"_links":{"self":[{"href":"https:\/\/acontecenafronteira.com.br\/index.php\/wp-json\/wp\/v2\/posts\/33497","targetHints":{"allow":["GET"]}}],"collection":[{"href":"https:\/\/acontecenafronteira.com.br\/index.php\/wp-json\/wp\/v2\/posts"}],"about":[{"href":"https:\/\/acontecenafronteira.com.br\/index.php\/wp-json\/wp\/v2\/types\/post"}],"replies":[{"embeddable":true,"href":"https:\/\/acontecenafronteira.com.br\/index.php\/wp-json\/wp\/v2\/comments?post=33497"}],"version-history":[{"count":1,"href":"https:\/\/acontecenafronteira.com.br\/index.php\/wp-json\/wp\/v2\/posts\/33497\/revisions"}],"predecessor-version":[{"id":33501,"href":"https:\/\/acontecenafronteira.com.br\/index.php\/wp-json\/wp\/v2\/posts\/33497\/revisions\/33501"}],"wp:featuredmedia":[{"embeddable":true,"href":"https:\/\/acontecenafronteira.com.br\/index.php\/wp-json\/wp\/v2\/media\/33502"}],"wp:attachment":[{"href":"https:\/\/acontecenafronteira.com.br\/index.php\/wp-json\/wp\/v2\/media?parent=33497"}],"wp:term":[{"taxonomy":"category","embeddable":true,"href":"https:\/\/acontecenafronteira.com.br\/index.php\/wp-json\/wp\/v2\/categories?post=33497"},{"taxonomy":"post_tag","embeddable":true,"href":"https:\/\/acontecenafronteira.com.br\/index.php\/wp-json\/wp\/v2\/tags?post=33497"}],"curies":[{"name":"wp","href":"https:\/\/api.w.org\/{rel}","templated":true}]}}