{"id":33489,"date":"2026-09-01T21:37:38","date_gmt":"2026-09-02T00:37:38","guid":{"rendered":"https:\/\/acontecenafronteira.com.br\/?p=33489"},"modified":"2026-09-01T21:37:38","modified_gmt":"2026-09-02T00:37:38","slug":"leandro-grass-nega-ataque-de-lula-ao-fundo-constitucional","status":"publish","type":"post","link":"https:\/\/acontecenafronteira.com.br\/index.php\/2026\/09\/01\/leandro-grass-nega-ataque-de-lula-ao-fundo-constitucional\/","title":{"rendered":"Leandro Grass nega ataque de Lula ao Fundo Constitucional"},"content":{"rendered":"<p>Durante o debate realizado nesta ter\u00e7a-feira (1\/9) pelo Correio Brasiliense em parceria com a TV Bras\u00edlia, Leandro Grass, candidato do Partido dos Trabalhadores ao governo do Distrito Federal, rejeitou veementemente a exist\u00eancia de qualquer investida por parte do presidente Luiz In\u00e1cio Lula da Silva ou da legenda contra o Fundo Constitucional do Distrito Federal (FCDF).<\/p>\n<h2>O confronto de valores entre gest\u00f5es federais<\/h2>\n<p>Para fundamentar sua defesa, Grass comparou os montantes repassados \u00e0 capital federal pelas administra\u00e7\u00f5es federais recentes. O candidato afirmou que a gest\u00e3o passada, apoiada por sua advers\u00e1ria, destinou R$ 16 bilh\u00f5es, enquanto o atual governo federal injetou R$ 28 bilh\u00f5es no recurso.<\/p>\n<h2>A origem da disputa judicial no STF<\/h2>\n<p>A pol\u00eamica gira em torno da Lei Complementar n\u00ba 235\/2026, que recebeu san\u00e7\u00e3o presidencial na \u00faltima sexta-feira (28\/8). O texto motivou a governadora e candidata \u00e0 reelei\u00e7\u00e3o Celina Le\u00e3o (PP) a ajuizar uma a\u00e7\u00e3o direta de inconstitucionalidade no Supremo Tribunal Federal.<\/p>\n<p>Embora a legisla\u00e7\u00e3o original aborde a diminui\u00e7\u00e3o de tributos incidentes sobre combust\u00edveis, o governo distritum aponta que um dispositivo inserido durante a tramita\u00e7\u00e3o no Congresso Nacional pode prejudicar as verbas voltadas \u00e0 sa\u00fade, educa\u00e7\u00e3o e seguran\u00e7a p\u00fablica locais. Proje\u00e7\u00f5es do Instituto Fiscal Independente do Senado estimam um preju\u00edzo de R$ 1,8 bilh\u00e3o para o DF em 2027.<\/p>\n<p>Por Reda\u00e7\u00e3o Acontece<\/p>\n<p>Cr\u00e9ditos da imagem: Divulga\u00e7\u00e3o\/Campanha<\/p>\n","protected":false},"excerpt":{"rendered":"<p>Durante o debate realizado nesta ter\u00e7a-feira (1\/9) pelo Correio Brasiliense em parceria com a TV Bras\u00edlia, Leandro Grass, candidato do Partido dos Trabalhadores ao governo do Distrito Federal, rejeitou veementemente a exist\u00eancia de qualquer investida por parte do presidente Luiz In\u00e1cio Lula da Silva ou da legenda contra o Fundo Constitucional do Distrito Federal (FCDF). [&hellip;]<\/p>\n","protected":false},"author":0,"featured_media":33496,"comment_status":"open","ping_status":"open","sticky":false,"template":"","format":"standard","meta":{"footnotes":""},"categories":[6],"tags":[],"class_list":["post-33489","post","type-post","status-publish","format-standard","has-post-thumbnail","hentry","category-mercosul"],"_links":{"self":[{"href":"https:\/\/acontecenafronteira.com.br\/index.php\/wp-json\/wp\/v2\/posts\/33489","targetHints":{"allow":["GET"]}}],"collection":[{"href":"https:\/\/acontecenafronteira.com.br\/index.php\/wp-json\/wp\/v2\/posts"}],"about":[{"href":"https:\/\/acontecenafronteira.com.br\/index.php\/wp-json\/wp\/v2\/types\/post"}],"replies":[{"embeddable":true,"href":"https:\/\/acontecenafronteira.com.br\/index.php\/wp-json\/wp\/v2\/comments?post=33489"}],"version-history":[{"count":1,"href":"https:\/\/acontecenafronteira.com.br\/index.php\/wp-json\/wp\/v2\/posts\/33489\/revisions"}],"predecessor-version":[{"id":33495,"href":"https:\/\/acontecenafronteira.com.br\/index.php\/wp-json\/wp\/v2\/posts\/33489\/revisions\/33495"}],"wp:featuredmedia":[{"embeddable":true,"href":"https:\/\/acontecenafronteira.com.br\/index.php\/wp-json\/wp\/v2\/media\/33496"}],"wp:attachment":[{"href":"https:\/\/acontecenafronteira.com.br\/index.php\/wp-json\/wp\/v2\/media?parent=33489"}],"wp:term":[{"taxonomy":"category","embeddable":true,"href":"https:\/\/acontecenafronteira.com.br\/index.php\/wp-json\/wp\/v2\/categories?post=33489"},{"taxonomy":"post_tag","embeddable":true,"href":"https:\/\/acontecenafronteira.com.br\/index.php\/wp-json\/wp\/v2\/tags?post=33489"}],"curies":[{"name":"wp","href":"https:\/\/api.w.org\/{rel}","templated":true}]}}