{"id":33488,"date":"2026-09-01T21:37:34","date_gmt":"2026-09-02T00:37:34","guid":{"rendered":"https:\/\/acontecenafronteira.com.br\/?p=33488"},"modified":"2026-09-01T21:37:34","modified_gmt":"2026-09-02T00:37:34","slug":"alcolumbre-freia-pedidos-de-impeachment-contra-ministros-do-stf","status":"publish","type":"post","link":"https:\/\/acontecenafronteira.com.br\/index.php\/2026\/09\/01\/alcolumbre-freia-pedidos-de-impeachment-contra-ministros-do-stf\/","title":{"rendered":"Alcolumbre freia pedidos de impeachment contra ministros do STF"},"content":{"rendered":"<p>O presidente do Senado, Davi Alcolumbre (Uni\u00e3o Brasil-AP), indicou nesta ter\u00e7a-feira (1\u00ba\/9) que n\u00e3o pretende dar seguimento aos requerimentos de impeachment contra magistrados do <b>Supremo Tribunal Federal<\/b>, mesmo com a nova investida da oposi\u00e7\u00e3o pelo afastamento de Alexandre de Moraes.<\/p>\n<h2>Cen\u00e1rio pol\u00edtico no Senado<\/h2>\n<p>Nos bastidores da Casa legislativa, a leitura predominante \u00e9 de que o parlamentar prefere aguardar os desdobramentos judiciais internos na mais alta Corte do pa\u00eds antes de adotar qualquer medida formal.<\/p>\n<p>Em conversa com a imprensa, o chefe do Legislativo destacou o volume incomum de representa\u00e7\u00f5es protocoladas na Casa. \u201cA minha percep\u00e7\u00e3o \u00e9 que tem 109 pedidos. Isso n\u00e3o \u00e9 normal. 109 solicita\u00e7\u00f5es no Congresso dos 10 ministros do Supremo de pedido de impeachment de ministro do Supremo\u201d, declarou.<\/p>\n<p>Embora o montante abranja peti\u00e7\u00f5es direcionadas a diferentes integrantes do tribunal, a <b>maioria absoluta<\/b> recai sobre o ministro Alexandre de Moraes. Apenas nesta ter\u00e7a-feira, o senador Carlos Viana (PSD-MG) protocolou a quinquag\u00e9sima quarta solicita\u00e7\u00e3o de afastamento contra o magistrado.<\/p>\n<h2>Novas press\u00f5es e mensagens da PF<\/h2>\n<p>A escalada nos ataques pol\u00edticos ocorreu ap\u00f3s a divulga\u00e7\u00e3o de di\u00e1logos obtidos pela <b>Pol\u00edcia Federal<\/b> no aparelho celular do ex-banqueiro Daniel Vorcaro.<\/p>\n<p>Nos arquivos recuperados, Vorcaro supostamente solicita suporte a Moraes em meio \u00e0s apura\u00e7\u00f5es envolvendo o Banco Master, citando nominalmente o diretor-geral da corpora\u00e7\u00e3o, Andrei Rodrigues, e o procurador-geral da Rep\u00fablica, Paulo Gonet.<\/p>\n<p>Como resposta, blocos de oposi\u00e7\u00e3o estruturaram uma a\u00e7\u00e3o coordenada em quatro frentes distintas: envio de not\u00edcia-crime \u00e0 PGR contra Moraes e Andrei, apelo ao presidente do STF, Edson Fachin, para que o plen\u00e1rio avalie investiga\u00e7\u00f5es sobre o magistrado, cobran\u00e7as ao presidente Luiz In\u00e1cio Lula da Silva pela destitui\u00e7\u00e3o do diretor-geral da PF, al\u00e9m da nova peti\u00e7\u00e3o de impedimento.<\/p>\n<p>A senadora Damares Alves (Republicanos-DF) tamb\u00e9m se manifestou, confirmando a entrega de um novo pedido de destitui\u00e7\u00e3o e exigindo a sa\u00edda volunt\u00e1ria do juiz do cargo. O plano do grupo oposicionista consiste em intensificar a press\u00e3o sobre Alcolumbre, \u00fanico com prerrogativa regimental para autorizar o in\u00edcio dos processos no \u00e2mbito do Senado Federal.<\/p>\n<p>Apesar da forte mobiliza\u00e7\u00e3o, a c\u00fapula senatorial demonstra resist\u00eancia em abra\u00e7ar a pauta. O presidente da Casa j\u00e1 havia rejeitado iniciativas semelhantes no passado e refor\u00e7a o entendimento de que a simples multiplica\u00e7\u00e3o de processos n\u00e3o \u00e9 motivo suficiente para alterar sua condu\u00e7\u00e3o administrativa sobre o tema.<\/p>\n<p>Por Reda\u00e7\u00e3o Acontece<\/p>\n<p>Cr\u00e9ditos da imagem: Divulga\u00e7\u00e3o \/ Ag\u00eancia Senado<\/p>\n","protected":false},"excerpt":{"rendered":"<p>O presidente do Senado, Davi Alcolumbre (Uni\u00e3o Brasil-AP), indicou nesta ter\u00e7a-feira (1\u00ba\/9) que n\u00e3o pretende dar seguimento aos requerimentos de impeachment contra magistrados do Supremo Tribunal Federal, mesmo com a nova investida da oposi\u00e7\u00e3o pelo afastamento de Alexandre de Moraes. Cen\u00e1rio pol\u00edtico no Senado Nos bastidores da Casa legislativa, a leitura predominante \u00e9 de que [&hellip;]<\/p>\n","protected":false},"author":0,"featured_media":33494,"comment_status":"open","ping_status":"open","sticky":false,"template":"","format":"standard","meta":{"footnotes":""},"categories":[6],"tags":[],"class_list":["post-33488","post","type-post","status-publish","format-standard","has-post-thumbnail","hentry","category-mercosul"],"_links":{"self":[{"href":"https:\/\/acontecenafronteira.com.br\/index.php\/wp-json\/wp\/v2\/posts\/33488","targetHints":{"allow":["GET"]}}],"collection":[{"href":"https:\/\/acontecenafronteira.com.br\/index.php\/wp-json\/wp\/v2\/posts"}],"about":[{"href":"https:\/\/acontecenafronteira.com.br\/index.php\/wp-json\/wp\/v2\/types\/post"}],"replies":[{"embeddable":true,"href":"https:\/\/acontecenafronteira.com.br\/index.php\/wp-json\/wp\/v2\/comments?post=33488"}],"version-history":[{"count":1,"href":"https:\/\/acontecenafronteira.com.br\/index.php\/wp-json\/wp\/v2\/posts\/33488\/revisions"}],"predecessor-version":[{"id":33493,"href":"https:\/\/acontecenafronteira.com.br\/index.php\/wp-json\/wp\/v2\/posts\/33488\/revisions\/33493"}],"wp:featuredmedia":[{"embeddable":true,"href":"https:\/\/acontecenafronteira.com.br\/index.php\/wp-json\/wp\/v2\/media\/33494"}],"wp:attachment":[{"href":"https:\/\/acontecenafronteira.com.br\/index.php\/wp-json\/wp\/v2\/media?parent=33488"}],"wp:term":[{"taxonomy":"category","embeddable":true,"href":"https:\/\/acontecenafronteira.com.br\/index.php\/wp-json\/wp\/v2\/categories?post=33488"},{"taxonomy":"post_tag","embeddable":true,"href":"https:\/\/acontecenafronteira.com.br\/index.php\/wp-json\/wp\/v2\/tags?post=33488"}],"curies":[{"name":"wp","href":"https:\/\/api.w.org\/{rel}","templated":true}]}}