{"id":33487,"date":"2026-09-01T21:37:28","date_gmt":"2026-09-02T00:37:28","guid":{"rendered":"https:\/\/acontecenafronteira.com.br\/?p=33487"},"modified":"2026-09-01T21:37:28","modified_gmt":"2026-09-02T00:37:28","slug":"kiko-caputo-rejeita-volta-de-cosme-e-damiao-na-pmdf","status":"publish","type":"post","link":"https:\/\/acontecenafronteira.com.br\/index.php\/2026\/09\/01\/kiko-caputo-rejeita-volta-de-cosme-e-damiao-na-pmdf\/","title":{"rendered":"Kiko Caputo rejeita volta de Cosme e Dami\u00e3o na PMDF"},"content":{"rendered":"<p>O candidato ao governo do Distrito Federal Kiko Caputo (Novo) direcionou duras cr\u00edticas \u00e0 proposta de seu advers\u00e1rio Ricardo Cappelli (PSB) de resgatar o tradicional modelo de policiamento conhecido como Cosme e Dami\u00e3o nas ruas da capital.<\/p>\n<h2>A pol\u00eamica sobre o policiamento a p\u00e9<\/h2>\n<p>Para o postulante ao Pal\u00e1cio do Buriti, focar em estrat\u00e9gias ultrapassadas \u00e9 um equ\u00edvoco para a seguran\u00e7a p\u00fablica atual.<\/p>\n<p>&#8220;N\u00e3o podemos s\u00f3 olhar para o passado, como trazer o Cosme e Dami\u00e3o [de volta]. Precisamos investir em tecnologia, principalmente na PM&#8221;, declarou o pol\u00edtico.<\/p>\n<h2>A hist\u00f3ria da dupla Cosme e Dami\u00e3o<\/h2>\n<p>Na estrutura da Pol\u00edcia Militar do Distrito Federal (PMDF), a patrulha Cosme e Dami\u00e3o consistia em uma modalidade cl\u00e1ssica de ostensividade a p\u00e9. A din\u00e2mica envolvia dois agentes que percorriam a p\u00e9 tanto zonas residenciais quanto pontos comerciais e locais de alto fluxo de pessoas.<\/p>\n<p>Documentos e registros oficiais apontam que essa metodologia de patrulhamento j\u00e1 estava presente desde a fase inicial da funda\u00e7\u00e3o de Bras\u00edlia.<\/p>\n<h2>Agenda dos candidatos ao GDF<\/h2>\n<p>O embate de ideias ocorre em meio aos preparativos para o debate pol\u00edtico agendado para esta ter\u00e7a-feira (1\u00ba\/9), promovido pelo jornal Correio Braziliense, que reunir\u00e1 Kiko Caputo, Ricardo Cappelli e outros quatro postulantes ao comando do Pal\u00e1cio do Buriti.<\/p>\n<p>Por Reda\u00e7\u00e3o Acontece<\/p>\n<p>Cr\u00e9ditos da imagem: Divulga\u00e7\u00e3o\/Campanha<\/p>\n","protected":false},"excerpt":{"rendered":"<p>O candidato ao governo do Distrito Federal Kiko Caputo (Novo) direcionou duras cr\u00edticas \u00e0 proposta de seu advers\u00e1rio Ricardo Cappelli (PSB) de resgatar o tradicional modelo de policiamento conhecido como Cosme e Dami\u00e3o nas ruas da capital. A pol\u00eamica sobre o policiamento a p\u00e9 Para o postulante ao Pal\u00e1cio do Buriti, focar em estrat\u00e9gias ultrapassadas [&hellip;]<\/p>\n","protected":false},"author":0,"featured_media":33492,"comment_status":"open","ping_status":"open","sticky":false,"template":"","format":"standard","meta":{"footnotes":""},"categories":[6],"tags":[],"class_list":["post-33487","post","type-post","status-publish","format-standard","has-post-thumbnail","hentry","category-mercosul"],"_links":{"self":[{"href":"https:\/\/acontecenafronteira.com.br\/index.php\/wp-json\/wp\/v2\/posts\/33487","targetHints":{"allow":["GET"]}}],"collection":[{"href":"https:\/\/acontecenafronteira.com.br\/index.php\/wp-json\/wp\/v2\/posts"}],"about":[{"href":"https:\/\/acontecenafronteira.com.br\/index.php\/wp-json\/wp\/v2\/types\/post"}],"replies":[{"embeddable":true,"href":"https:\/\/acontecenafronteira.com.br\/index.php\/wp-json\/wp\/v2\/comments?post=33487"}],"version-history":[{"count":1,"href":"https:\/\/acontecenafronteira.com.br\/index.php\/wp-json\/wp\/v2\/posts\/33487\/revisions"}],"predecessor-version":[{"id":33491,"href":"https:\/\/acontecenafronteira.com.br\/index.php\/wp-json\/wp\/v2\/posts\/33487\/revisions\/33491"}],"wp:featuredmedia":[{"embeddable":true,"href":"https:\/\/acontecenafronteira.com.br\/index.php\/wp-json\/wp\/v2\/media\/33492"}],"wp:attachment":[{"href":"https:\/\/acontecenafronteira.com.br\/index.php\/wp-json\/wp\/v2\/media?parent=33487"}],"wp:term":[{"taxonomy":"category","embeddable":true,"href":"https:\/\/acontecenafronteira.com.br\/index.php\/wp-json\/wp\/v2\/categories?post=33487"},{"taxonomy":"post_tag","embeddable":true,"href":"https:\/\/acontecenafronteira.com.br\/index.php\/wp-json\/wp\/v2\/tags?post=33487"}],"curies":[{"name":"wp","href":"https:\/\/api.w.org\/{rel}","templated":true}]}}