{"id":33458,"date":"2026-09-01T20:36:42","date_gmt":"2026-09-01T23:36:42","guid":{"rendered":"https:\/\/acontecenafronteira.com.br\/?p=33458"},"modified":"2026-09-01T20:36:42","modified_gmt":"2026-09-01T23:36:42","slug":"homem-morre-atropelado-na-calcada-em-sarandi-no-pr","status":"publish","type":"post","link":"https:\/\/acontecenafronteira.com.br\/index.php\/2026\/09\/01\/homem-morre-atropelado-na-calcada-em-sarandi-no-pr\/","title":{"rendered":"Homem morre atropelado na cal\u00e7ada em Sarandi, no PR"},"content":{"rendered":"<p>Um trabalhador perdeu a vida na \u00faltima ter\u00e7a-feira (1\u00ba) ap\u00f3s ser violentamente atropelado por uma caminhonete na cal\u00e7ada em Sarandi, regi\u00e3o Norte do <strong>Paran\u00e1<\/strong>. A v\u00edtima aguardava a abertura do estabelecimento onde laborava, um a\u00e7ougue local, quando o acidente fatal ocorreu.<\/p>\n<h2>Din\u00e2mica do acidente fatal<\/h2>\n<p>Imagens capturadas por c\u00e2meras de seguran\u00e7a instaladas nas proximidades revelam o momento exato em que o autom\u00f3vel desgovernado invade a cal\u00e7ada, colide contra uma motocicleta e atinge em cheio dois funcion\u00e1rios que aguardavam na fachada do com\u00e9rcio.<\/p>\n<p>Um segundo trabalhador que estava no local sofreu apenas ferimentos leves e precisou ser encaminhado para atendimento m\u00e9dico na Unidade de Pronto Atendimento (UPA) do munic\u00edpio.<\/p>\n<h2>Condutor alegou cansa\u00e7o extrema<\/h2>\n<p>O motorista respons\u00e1vel pelo atropelamento fugiu logo ap\u00f3s a colis\u00e3o, mas se apresentou espontaneamente \u00e0 delegacia horas mais tarde acompanhado por sua representa\u00e7\u00e3o legal, raz\u00e3o pela qual n\u00e3o houve pris\u00e3o em flagrante.<\/p>\n<p>Em seu depoimento formal \u00e0s autoridades policiais, o condutor justificou que havia cumprido uma jornada de trabalho noturna integral e acabou adormecendo ao volante, perdendo o controle da dire\u00e7\u00e3o e alegando aus\u00eancia de dolo na a\u00e7\u00e3o.<\/p>\n<h2>Consequ\u00eancias jur\u00eddicas<\/h2>\n<p>O condutor da caminhonete responder\u00e1 criminalmente por homic\u00eddio culposo na dire\u00e7\u00e3o de ve\u00edculo automotor, modalidade em que n\u00e3o h\u00e1 inten\u00e7\u00e3o de matar, al\u00e9m do crime de les\u00e3o corporal devido ao ferimento causado ao segundo funcion\u00e1rio atingido na cal\u00e7ada.<\/p>\n<p>Por Reda\u00e7\u00e3o Acontece Foto: Reprodu\u00e7\u00e3o \/ C\u00e2meras de seguran\u00e7a<\/p>\n","protected":false},"excerpt":{"rendered":"<p>Um trabalhador perdeu a vida na \u00faltima ter\u00e7a-feira (1\u00ba) ap\u00f3s ser violentamente atropelado por uma caminhonete na cal\u00e7ada em Sarandi, regi\u00e3o Norte do Paran\u00e1. A v\u00edtima aguardava a abertura do estabelecimento onde laborava, um a\u00e7ougue local, quando o acidente fatal ocorreu. Din\u00e2mica do acidente fatal Imagens capturadas por c\u00e2meras de seguran\u00e7a instaladas nas proximidades revelam [&hellip;]<\/p>\n","protected":false},"author":0,"featured_media":33464,"comment_status":"open","ping_status":"open","sticky":false,"template":"","format":"standard","meta":{"footnotes":""},"categories":[18],"tags":[],"class_list":["post-33458","post","type-post","status-publish","format-standard","has-post-thumbnail","hentry","category-parana"],"_links":{"self":[{"href":"https:\/\/acontecenafronteira.com.br\/index.php\/wp-json\/wp\/v2\/posts\/33458","targetHints":{"allow":["GET"]}}],"collection":[{"href":"https:\/\/acontecenafronteira.com.br\/index.php\/wp-json\/wp\/v2\/posts"}],"about":[{"href":"https:\/\/acontecenafronteira.com.br\/index.php\/wp-json\/wp\/v2\/types\/post"}],"replies":[{"embeddable":true,"href":"https:\/\/acontecenafronteira.com.br\/index.php\/wp-json\/wp\/v2\/comments?post=33458"}],"version-history":[{"count":1,"href":"https:\/\/acontecenafronteira.com.br\/index.php\/wp-json\/wp\/v2\/posts\/33458\/revisions"}],"predecessor-version":[{"id":33463,"href":"https:\/\/acontecenafronteira.com.br\/index.php\/wp-json\/wp\/v2\/posts\/33458\/revisions\/33463"}],"wp:featuredmedia":[{"embeddable":true,"href":"https:\/\/acontecenafronteira.com.br\/index.php\/wp-json\/wp\/v2\/media\/33464"}],"wp:attachment":[{"href":"https:\/\/acontecenafronteira.com.br\/index.php\/wp-json\/wp\/v2\/media?parent=33458"}],"wp:term":[{"taxonomy":"category","embeddable":true,"href":"https:\/\/acontecenafronteira.com.br\/index.php\/wp-json\/wp\/v2\/categories?post=33458"},{"taxonomy":"post_tag","embeddable":true,"href":"https:\/\/acontecenafronteira.com.br\/index.php\/wp-json\/wp\/v2\/tags?post=33458"}],"curies":[{"name":"wp","href":"https:\/\/api.w.org\/{rel}","templated":true}]}}