{"id":33457,"date":"2026-09-01T20:36:01","date_gmt":"2026-09-01T23:36:01","guid":{"rendered":"https:\/\/acontecenafronteira.com.br\/?p=33457"},"modified":"2026-09-01T20:36:01","modified_gmt":"2026-09-01T23:36:01","slug":"trabalhadores-sao-resgatados-apos-soterramento-no-parana","status":"publish","type":"post","link":"https:\/\/acontecenafronteira.com.br\/index.php\/2026\/09\/01\/trabalhadores-sao-resgatados-apos-soterramento-no-parana\/","title":{"rendered":"Trabalhadores s\u00e3o resgatados ap\u00f3s soterramento no Paran\u00e1"},"content":{"rendered":"<p>Na tarde desta ter\u00e7a-feira (01), <strong>tr\u00eas oper\u00e1rios<\/strong> foram resgatados com vida ap\u00f3s sofrerem um soterramento em um canteiro de obras na cidade de Pato Branco, regi\u00e3o sudoeste paranaense.<\/p>\n<h2>O susto durante o acidente<\/h2>\n<p>\nO pedreiro Deusivan de Freitas relatou os momentos de tens\u00e3o vividos sob a terra. De acordo com o trabalhador, a din\u00e2mica foi extremamente r\u00e1pida, impedindo qualquer rea\u00e7\u00e3o de fuga, a ponto de temer pelo pior.<\/p>\n<h2>A\u00e7\u00e3o r\u00e1pida do Corpo de Bombeiros<\/h2>\n<p>\nApenas um dos profissionais conseguiu escapar por meios pr\u00f3prios, enquanto os outros dois dependeram da interven\u00e7\u00e3o especializada do <strong>Corpo de Bombeiros<\/strong> para deixarem o buraco em seguran\u00e7a.<\/p>\n<h2>Detalhes do salvamento e estrutura<\/h2>\n<p>\nO capit\u00e3o Melchior Felipe Ferreira dos Santos explicou que as estruturas de sustenta\u00e7\u00e3o da edifica\u00e7\u00e3o foram fundamentais para salvar uma das v\u00edtimas. As escoras criaram um bols\u00e3o de ar, garantindo oxig\u00eanio suficiente para a sobreviv\u00eancia at\u00e9 a chegada do socorro.<\/p>\n<h2>Avalia\u00e7\u00e3o de riscos e interdi\u00e7\u00e3o<\/h2>\n<p>\nEnquanto os militares atuavam na retirada dos feridos, engenheiros e equipes de apoio monitoravam o terreno para evitar novos desmoronamentos. Um dos oper\u00e1rios necessitou de encaminhamento m\u00e9dico para uma Unidade de Pronto Atendimento (UPA), ao passo que o local permanece interditado aguardando uma <strong>per\u00edcia t\u00e9cnica<\/strong> completa.<\/p>\n<p>Por Reda\u00e7\u00e3o Acontece<\/p>\n<p>Cr\u00e9ditos da imagem: RPC\/Reprodu\u00e7\u00e3o<\/p>\n","protected":false},"excerpt":{"rendered":"<p>Na tarde desta ter\u00e7a-feira (01), tr\u00eas oper\u00e1rios foram resgatados com vida ap\u00f3s sofrerem um soterramento em um canteiro de obras na cidade de Pato Branco, regi\u00e3o sudoeste paranaense. O susto durante o acidente O pedreiro Deusivan de Freitas relatou os momentos de tens\u00e3o vividos sob a terra. De acordo com o trabalhador, a din\u00e2mica foi [&hellip;]<\/p>\n","protected":false},"author":0,"featured_media":33462,"comment_status":"open","ping_status":"open","sticky":false,"template":"","format":"standard","meta":{"footnotes":""},"categories":[18],"tags":[],"class_list":["post-33457","post","type-post","status-publish","format-standard","has-post-thumbnail","hentry","category-parana"],"_links":{"self":[{"href":"https:\/\/acontecenafronteira.com.br\/index.php\/wp-json\/wp\/v2\/posts\/33457","targetHints":{"allow":["GET"]}}],"collection":[{"href":"https:\/\/acontecenafronteira.com.br\/index.php\/wp-json\/wp\/v2\/posts"}],"about":[{"href":"https:\/\/acontecenafronteira.com.br\/index.php\/wp-json\/wp\/v2\/types\/post"}],"replies":[{"embeddable":true,"href":"https:\/\/acontecenafronteira.com.br\/index.php\/wp-json\/wp\/v2\/comments?post=33457"}],"version-history":[{"count":1,"href":"https:\/\/acontecenafronteira.com.br\/index.php\/wp-json\/wp\/v2\/posts\/33457\/revisions"}],"predecessor-version":[{"id":33461,"href":"https:\/\/acontecenafronteira.com.br\/index.php\/wp-json\/wp\/v2\/posts\/33457\/revisions\/33461"}],"wp:featuredmedia":[{"embeddable":true,"href":"https:\/\/acontecenafronteira.com.br\/index.php\/wp-json\/wp\/v2\/media\/33462"}],"wp:attachment":[{"href":"https:\/\/acontecenafronteira.com.br\/index.php\/wp-json\/wp\/v2\/media?parent=33457"}],"wp:term":[{"taxonomy":"category","embeddable":true,"href":"https:\/\/acontecenafronteira.com.br\/index.php\/wp-json\/wp\/v2\/categories?post=33457"},{"taxonomy":"post_tag","embeddable":true,"href":"https:\/\/acontecenafronteira.com.br\/index.php\/wp-json\/wp\/v2\/tags?post=33457"}],"curies":[{"name":"wp","href":"https:\/\/api.w.org\/{rel}","templated":true}]}}