{"id":33450,"date":"2026-09-01T19:36:57","date_gmt":"2026-09-01T22:36:57","guid":{"rendered":"https:\/\/acontecenafronteira.com.br\/?p=33450"},"modified":"2026-09-01T19:36:57","modified_gmt":"2026-09-01T22:36:57","slug":"flamengo-desiste-de-vender-plata-apos-reprovacao-medica-na-russia","status":"publish","type":"post","link":"https:\/\/acontecenafronteira.com.br\/index.php\/2026\/09\/01\/flamengo-desiste-de-vender-plata-apos-reprovacao-medica-na-russia\/","title":{"rendered":"Flamengo desiste de vender Plata ap\u00f3s reprova\u00e7\u00e3o m\u00e9dica na R\u00fassia"},"content":{"rendered":"<p>O retorno do atacante Plata ao Flamengo, causado por uma reprova\u00e7\u00e3o nos exames m\u00e9dicos realizados no D\u00ednamo de Moscou, n\u00e3o resultar\u00e1 em novas tentativas de negocia\u00e7\u00e3o pelo clube carioca antes do encerramento da atual janela de transfer\u00eancias.<\/p>\n<h2>Impacto financeiro e desvaloriza\u00e7\u00e3o<\/h2>\n<p>A diretoria rubro-negra avalia que a recusa dos russos em assinar o v\u00ednculo devido a supostos problemas f\u00edsicos reduziu consideravelmente o valor de mercado do atleta equatoriano. A perda financeira estimada com o epis\u00f3dio varia entre 40% e 60%.<\/p>\n<h2>Situa\u00e7\u00e3o contratual do jogador<\/h2>\n<p>Dessa forma, as tratativas retornam ao ponto inicial. Vale lembrar que Plata possui v\u00ednculo v\u00e1lido com a equipe carioca at\u00e9 dezembro de 2029.<\/p>\n<p>Os termos iniciais da negocia\u00e7\u00e3o frustrada envolviam a comercializa\u00e7\u00e3o dos direitos econ\u00f4micos por 10 milh\u00f5es de euros, o que equivalia a cerca de 60 milh\u00f5es de reais na cota\u00e7\u00e3o da \u00e9poca, al\u00e9m de outros 2 milh\u00f5es de euros previstos em metas e bonifica\u00e7\u00f5es.<\/p>\n<p>Por Reda\u00e7\u00e3o Acontece<\/p>\n<p>Imagem: Divulga\u00e7\u00e3o\/Flamengo<\/p>\n","protected":false},"excerpt":{"rendered":"<p>O retorno do atacante Plata ao Flamengo, causado por uma reprova\u00e7\u00e3o nos exames m\u00e9dicos realizados no D\u00ednamo de Moscou, n\u00e3o resultar\u00e1 em novas tentativas de negocia\u00e7\u00e3o pelo clube carioca antes do encerramento da atual janela de transfer\u00eancias. Impacto financeiro e desvaloriza\u00e7\u00e3o A diretoria rubro-negra avalia que a recusa dos russos em assinar o v\u00ednculo devido [&hellip;]<\/p>\n","protected":false},"author":0,"featured_media":33455,"comment_status":"open","ping_status":"open","sticky":false,"template":"","format":"standard","meta":{"footnotes":""},"categories":[28],"tags":[],"class_list":["post-33450","post","type-post","status-publish","format-standard","has-post-thumbnail","hentry","category-mundo"],"_links":{"self":[{"href":"https:\/\/acontecenafronteira.com.br\/index.php\/wp-json\/wp\/v2\/posts\/33450","targetHints":{"allow":["GET"]}}],"collection":[{"href":"https:\/\/acontecenafronteira.com.br\/index.php\/wp-json\/wp\/v2\/posts"}],"about":[{"href":"https:\/\/acontecenafronteira.com.br\/index.php\/wp-json\/wp\/v2\/types\/post"}],"replies":[{"embeddable":true,"href":"https:\/\/acontecenafronteira.com.br\/index.php\/wp-json\/wp\/v2\/comments?post=33450"}],"version-history":[{"count":1,"href":"https:\/\/acontecenafronteira.com.br\/index.php\/wp-json\/wp\/v2\/posts\/33450\/revisions"}],"predecessor-version":[{"id":33454,"href":"https:\/\/acontecenafronteira.com.br\/index.php\/wp-json\/wp\/v2\/posts\/33450\/revisions\/33454"}],"wp:featuredmedia":[{"embeddable":true,"href":"https:\/\/acontecenafronteira.com.br\/index.php\/wp-json\/wp\/v2\/media\/33455"}],"wp:attachment":[{"href":"https:\/\/acontecenafronteira.com.br\/index.php\/wp-json\/wp\/v2\/media?parent=33450"}],"wp:term":[{"taxonomy":"category","embeddable":true,"href":"https:\/\/acontecenafronteira.com.br\/index.php\/wp-json\/wp\/v2\/categories?post=33450"},{"taxonomy":"post_tag","embeddable":true,"href":"https:\/\/acontecenafronteira.com.br\/index.php\/wp-json\/wp\/v2\/tags?post=33450"}],"curies":[{"name":"wp","href":"https:\/\/api.w.org\/{rel}","templated":true}]}}