{"id":33441,"date":"2026-09-01T19:36:51","date_gmt":"2026-09-01T22:36:51","guid":{"rendered":"https:\/\/acontecenafronteira.com.br\/?p=33441"},"modified":"2026-09-01T19:36:51","modified_gmt":"2026-09-01T22:36:51","slug":"ciclone-extratropical-em-setembro-inmet-alerta-para-temporais","status":"publish","type":"post","link":"https:\/\/acontecenafronteira.com.br\/index.php\/2026\/09\/01\/ciclone-extratropical-em-setembro-inmet-alerta-para-temporais\/","title":{"rendered":"Ciclone extratropical em setembro: Inmet alerta para temporais"},"content":{"rendered":"<p>O Instituto Nacional de Meteorologia (Inmet) emitiu um alerta para a forma\u00e7\u00e3o de um <strong>ciclone extratropical<\/strong> acompanhado de chuvas intensas durante o m\u00eas de setembro, que tem in\u00edcio nesta ter\u00e7a-feira (1\u00ba). O fen\u00f4meno clim\u00e1tico deve trazer instabilidade severa para diferentes regi\u00f5es do pa\u00eds.<\/p>\n<h2>Efeitos do ciclone extratropical<\/h2>\n<p>Os meteorologistas destacam que a chegada do sistema frontal intensificar\u00e1 a umidade, resultando em tempestades volumosas. A popula\u00e7\u00e3o das \u00e1reas afetadas deve redobrar os cuidados com alagamentos e rajadas fortes de vento.<\/p>\n<h2>Previs\u00e3o clim\u00e1tica para o Brasil<\/h2>\n<p>Al\u00e9m das precipita\u00e7\u00f5es associadas ao ciclone, o m\u00eas de setembro marcar\u00e1 a transi\u00e7\u00e3o para a primavera, per\u00edodo historicamente caracterizado por mudan\u00e7as r\u00e1pidas nas condi\u00e7\u00f5es do tempo e oscila\u00e7\u00f5es t\u00e9rmicas acentuadas.<\/p>\n<p>As autoridades meteorol\u00f3gicas seguem monitorando a trajet\u00f3ria exata do sistema para emitir novos avisos antecipados \u00e0 medida que o fen\u00f4meno ganha for\u00e7a no oceano e se aproxima do continente.<\/p>\n<p>A recomenda\u00e7\u00e3o oficial \u00e9 acompanhar os boletins di\u00e1rios divulgados pelos \u00f3rg\u00e3os competentes para garantir a seguran\u00e7a frente aos riscos apresentados pelas intemp\u00e9ries previstas para as pr\u00f3ximas semanas.<\/p>\n<p>Por Reda\u00e7\u00e3o Acontece<\/p>\n<p>Cr\u00e9ditos da imagem: Divulga\u00e7\u00e3o\/Inmet<\/p>\n","protected":false},"excerpt":{"rendered":"<p>O Instituto Nacional de Meteorologia (Inmet) emitiu um alerta para a forma\u00e7\u00e3o de um ciclone extratropical acompanhado de chuvas intensas durante o m\u00eas de setembro, que tem in\u00edcio nesta ter\u00e7a-feira (1\u00ba). O fen\u00f4meno clim\u00e1tico deve trazer instabilidade severa para diferentes regi\u00f5es do pa\u00eds. Efeitos do ciclone extratropical Os meteorologistas destacam que a chegada do sistema [&hellip;]<\/p>\n","protected":false},"author":0,"featured_media":33449,"comment_status":"open","ping_status":"open","sticky":false,"template":"","format":"standard","meta":{"footnotes":""},"categories":[18],"tags":[],"class_list":["post-33441","post","type-post","status-publish","format-standard","has-post-thumbnail","hentry","category-parana"],"_links":{"self":[{"href":"https:\/\/acontecenafronteira.com.br\/index.php\/wp-json\/wp\/v2\/posts\/33441","targetHints":{"allow":["GET"]}}],"collection":[{"href":"https:\/\/acontecenafronteira.com.br\/index.php\/wp-json\/wp\/v2\/posts"}],"about":[{"href":"https:\/\/acontecenafronteira.com.br\/index.php\/wp-json\/wp\/v2\/types\/post"}],"replies":[{"embeddable":true,"href":"https:\/\/acontecenafronteira.com.br\/index.php\/wp-json\/wp\/v2\/comments?post=33441"}],"version-history":[{"count":1,"href":"https:\/\/acontecenafronteira.com.br\/index.php\/wp-json\/wp\/v2\/posts\/33441\/revisions"}],"predecessor-version":[{"id":33448,"href":"https:\/\/acontecenafronteira.com.br\/index.php\/wp-json\/wp\/v2\/posts\/33441\/revisions\/33448"}],"wp:featuredmedia":[{"embeddable":true,"href":"https:\/\/acontecenafronteira.com.br\/index.php\/wp-json\/wp\/v2\/media\/33449"}],"wp:attachment":[{"href":"https:\/\/acontecenafronteira.com.br\/index.php\/wp-json\/wp\/v2\/media?parent=33441"}],"wp:term":[{"taxonomy":"category","embeddable":true,"href":"https:\/\/acontecenafronteira.com.br\/index.php\/wp-json\/wp\/v2\/categories?post=33441"},{"taxonomy":"post_tag","embeddable":true,"href":"https:\/\/acontecenafronteira.com.br\/index.php\/wp-json\/wp\/v2\/tags?post=33441"}],"curies":[{"name":"wp","href":"https:\/\/api.w.org\/{rel}","templated":true}]}}