{"id":33440,"date":"2026-09-01T19:36:48","date_gmt":"2026-09-01T22:36:48","guid":{"rendered":"https:\/\/acontecenafronteira.com.br\/?p=33440"},"modified":"2026-09-01T19:36:48","modified_gmt":"2026-09-01T22:36:48","slug":"pesquisa-aponta-lula-com-38-e-flavio-com-30-em-disputa","status":"publish","type":"post","link":"https:\/\/acontecenafronteira.com.br\/index.php\/2026\/09\/01\/pesquisa-aponta-lula-com-38-e-flavio-com-30-em-disputa\/","title":{"rendered":"Pesquisa aponta Lula com 38% e Fl\u00e1vio com 30% em disputa"},"content":{"rendered":"<p>Divulgada nesta ter\u00e7a-feira (1\u00ba), uma nova pesquisa realizada pelo instituto <strong>Real Time Big Data<\/strong> coloca o atual presidente <strong>Luiz In\u00e1cio Lula da Silva<\/strong> (PT) na lideran\u00e7a da corrida eleitoral para a Presid\u00eancia da Rep\u00fablica, registrando 38% das inten\u00e7\u00f5es de votos totais no primeiro turno.<\/p>\n<h2>Cen\u00e1rio da disputa presidencial<\/h2>\n<p>O levantamento detalha a posi\u00e7\u00e3o dos principais concorrentes ao Pal\u00e1cio do Planalto. Enquanto o petista lidera a prefer\u00eancia do eleitorado, <strong>Fl\u00e1vio<\/strong> aparece na segunda coloca\u00e7\u00e3o com 30% dos votos, seguido por <strong>Cury<\/strong>, que pontua com 11% na prefer\u00eancia geral.<\/p>\n<h2>Metodologia e contexto do levantamento<\/h2>\n<p>A divulga\u00e7\u00e3o desses n\u00fameros traz um panorama atualizado sobre a movimenta\u00e7\u00e3o pol\u00edtica no pa\u00eds e como os candidatos est\u00e3o posicionados na percep\u00e7\u00e3o popular, servindo de term\u00f4metro para os pr\u00f3ximos meses da corrida eleitoral brasileira.<\/p>\n<p>As equipes estat\u00edsticas continuam monitorando o comportamento do eleitorado em meio \u00e0s articula\u00e7\u00f5es partid\u00e1rias e ao an\u00fancio de novas propostas de campanha por parte dos postulantes ao cargo m\u00e1ximo do Executivo federal.<\/p>\n<p>Com o andamento das articula\u00e7\u00f5es pol\u00edticas, novos levantamentos devem esclarecer se a polariza\u00e7\u00e3o atual se manter\u00e1 ou se novos nomes conseguir\u00e3o alterar significativamente o quadro apontado pelo instituto de pesquisa.<\/p>\n<p>Por Reda\u00e7\u00e3o Acontece<\/p>\n<p>Cr\u00e9ditos da imagem: Divulga\u00e7\u00e3o\/Real Time Big Data<\/p>\n","protected":false},"excerpt":{"rendered":"<p>Divulgada nesta ter\u00e7a-feira (1\u00ba), uma nova pesquisa realizada pelo instituto Real Time Big Data coloca o atual presidente Luiz In\u00e1cio Lula da Silva (PT) na lideran\u00e7a da corrida eleitoral para a Presid\u00eancia da Rep\u00fablica, registrando 38% das inten\u00e7\u00f5es de votos totais no primeiro turno. Cen\u00e1rio da disputa presidencial O levantamento detalha a posi\u00e7\u00e3o dos principais [&hellip;]<\/p>\n","protected":false},"author":0,"featured_media":33447,"comment_status":"open","ping_status":"open","sticky":false,"template":"","format":"standard","meta":{"footnotes":""},"categories":[18],"tags":[],"class_list":["post-33440","post","type-post","status-publish","format-standard","has-post-thumbnail","hentry","category-parana"],"_links":{"self":[{"href":"https:\/\/acontecenafronteira.com.br\/index.php\/wp-json\/wp\/v2\/posts\/33440","targetHints":{"allow":["GET"]}}],"collection":[{"href":"https:\/\/acontecenafronteira.com.br\/index.php\/wp-json\/wp\/v2\/posts"}],"about":[{"href":"https:\/\/acontecenafronteira.com.br\/index.php\/wp-json\/wp\/v2\/types\/post"}],"replies":[{"embeddable":true,"href":"https:\/\/acontecenafronteira.com.br\/index.php\/wp-json\/wp\/v2\/comments?post=33440"}],"version-history":[{"count":1,"href":"https:\/\/acontecenafronteira.com.br\/index.php\/wp-json\/wp\/v2\/posts\/33440\/revisions"}],"predecessor-version":[{"id":33446,"href":"https:\/\/acontecenafronteira.com.br\/index.php\/wp-json\/wp\/v2\/posts\/33440\/revisions\/33446"}],"wp:featuredmedia":[{"embeddable":true,"href":"https:\/\/acontecenafronteira.com.br\/index.php\/wp-json\/wp\/v2\/media\/33447"}],"wp:attachment":[{"href":"https:\/\/acontecenafronteira.com.br\/index.php\/wp-json\/wp\/v2\/media?parent=33440"}],"wp:term":[{"taxonomy":"category","embeddable":true,"href":"https:\/\/acontecenafronteira.com.br\/index.php\/wp-json\/wp\/v2\/categories?post=33440"},{"taxonomy":"post_tag","embeddable":true,"href":"https:\/\/acontecenafronteira.com.br\/index.php\/wp-json\/wp\/v2\/tags?post=33440"}],"curies":[{"name":"wp","href":"https:\/\/api.w.org\/{rel}","templated":true}]}}