{"id":33439,"date":"2026-09-01T19:36:41","date_gmt":"2026-09-01T22:36:41","guid":{"rendered":"https:\/\/acontecenafronteira.com.br\/?p=33439"},"modified":"2026-09-01T19:36:41","modified_gmt":"2026-09-01T22:36:41","slug":"guto-silva-expoe-magoa-com-ratinho-junior-apos-escolha-de-sandro-alex","status":"publish","type":"post","link":"https:\/\/acontecenafronteira.com.br\/index.php\/2026\/09\/01\/guto-silva-expoe-magoa-com-ratinho-junior-apos-escolha-de-sandro-alex\/","title":{"rendered":"Guto Silva exp\u00f5e m\u00e1goa com Ratinho Junior ap\u00f3s escolha de Sandro Alex"},"content":{"rendered":"<p>O ex-secret\u00e1rio estadual <b>Guto Silva<\/b> (PSD) declarou publicamente ter se sentido tra\u00eddo pela condu\u00e7\u00e3o do governador <b>Ratinho Junior<\/b> (PSD) na defini\u00e7\u00e3o do candidato apoiado pelo grupo para a sucess\u00e3o estadual, cargo que acabou ficando com <b>Sandro Alex<\/b>.<\/p>\n<h2>A escolha de Sandro Alex e o racha no PSD<\/h2>\n<p>O processo interno do partido gerou profundos desgastes entre os aliados de primeira hora do governo estadual. Guto Silva apontou que a falta de transpar\u00eancia e o m\u00e9todo utilizado pelo governador na escolha de Sandro Alex ignoraram acordos pr\u00e9vios e o peso pol\u00edtico de sua trajet\u00f3ria dentro da legenda.<\/p>\n<h2>Repercuss\u00e3o nos bastidores da pol\u00edtica paranaense<\/h2>\n<p>A manifesta\u00e7\u00e3o p\u00fablica de insatisfa\u00e7\u00e3o escancara as fissuras na base governista. Enquanto o grupo tenta manter a unidade para o pr\u00f3ximo pleito, o descontentamento de figuras centrais como Guto Silva evidencia os desafios de conciliar diferentes projetos de poder e vaidades partid\u00e1rias dentro do PSD no estado.<\/p>\n<p>As negocia\u00e7\u00f5es envolveram intensas conversas nos bastidores de Curitiba, mas o desfecho acabou desagradando a alas importantes da administra\u00e7\u00e3o estadual, que esperavam crit\u00e9rios mais amplos na defini\u00e7\u00e3o do cabe\u00e7a de chapa.<\/p>\n<p>A movimenta\u00e7\u00e3o pol\u00edtica segue alterando o tabuleiro eleitoral, obrigando lideran\u00e7as regionais a reavaliarem alian\u00e7as e apoios estrat\u00e9gicos para o futuro pol\u00edtico do Paran\u00e1.<\/p>\n<p>Por Reda\u00e7\u00e3o Acontece<\/p>\n<p>Cr\u00e9ditos da imagem: Divulga\u00e7\u00e3o\/Redes Sociais<\/p>\n","protected":false},"excerpt":{"rendered":"<p>O ex-secret\u00e1rio estadual Guto Silva (PSD) declarou publicamente ter se sentido tra\u00eddo pela condu\u00e7\u00e3o do governador Ratinho Junior (PSD) na defini\u00e7\u00e3o do candidato apoiado pelo grupo para a sucess\u00e3o estadual, cargo que acabou ficando com Sandro Alex. A escolha de Sandro Alex e o racha no PSD O processo interno do partido gerou profundos desgastes [&hellip;]<\/p>\n","protected":false},"author":0,"featured_media":33445,"comment_status":"open","ping_status":"open","sticky":false,"template":"","format":"standard","meta":{"footnotes":""},"categories":[18],"tags":[],"class_list":["post-33439","post","type-post","status-publish","format-standard","has-post-thumbnail","hentry","category-parana"],"_links":{"self":[{"href":"https:\/\/acontecenafronteira.com.br\/index.php\/wp-json\/wp\/v2\/posts\/33439","targetHints":{"allow":["GET"]}}],"collection":[{"href":"https:\/\/acontecenafronteira.com.br\/index.php\/wp-json\/wp\/v2\/posts"}],"about":[{"href":"https:\/\/acontecenafronteira.com.br\/index.php\/wp-json\/wp\/v2\/types\/post"}],"replies":[{"embeddable":true,"href":"https:\/\/acontecenafronteira.com.br\/index.php\/wp-json\/wp\/v2\/comments?post=33439"}],"version-history":[{"count":1,"href":"https:\/\/acontecenafronteira.com.br\/index.php\/wp-json\/wp\/v2\/posts\/33439\/revisions"}],"predecessor-version":[{"id":33444,"href":"https:\/\/acontecenafronteira.com.br\/index.php\/wp-json\/wp\/v2\/posts\/33439\/revisions\/33444"}],"wp:featuredmedia":[{"embeddable":true,"href":"https:\/\/acontecenafronteira.com.br\/index.php\/wp-json\/wp\/v2\/media\/33445"}],"wp:attachment":[{"href":"https:\/\/acontecenafronteira.com.br\/index.php\/wp-json\/wp\/v2\/media?parent=33439"}],"wp:term":[{"taxonomy":"category","embeddable":true,"href":"https:\/\/acontecenafronteira.com.br\/index.php\/wp-json\/wp\/v2\/categories?post=33439"},{"taxonomy":"post_tag","embeddable":true,"href":"https:\/\/acontecenafronteira.com.br\/index.php\/wp-json\/wp\/v2\/tags?post=33439"}],"curies":[{"name":"wp","href":"https:\/\/api.w.org\/{rel}","templated":true}]}}