{"id":33433,"date":"2026-09-01T19:36:15","date_gmt":"2026-09-01T22:36:15","guid":{"rendered":"https:\/\/acontecenafronteira.com.br\/?p=33433"},"modified":"2026-09-01T19:36:15","modified_gmt":"2026-09-01T22:36:15","slug":"filho-filma-agressao-contra-a-mae-e-pede-socorro-na-internet","status":"publish","type":"post","link":"https:\/\/acontecenafronteira.com.br\/index.php\/2026\/09\/01\/filho-filma-agressao-contra-a-mae-e-pede-socorro-na-internet\/","title":{"rendered":"Filho filma agress\u00e3o contra a m\u00e3e e pede socorro na internet"},"content":{"rendered":"<p>Uma crian\u00e7a de apenas seis anos gravou a pr\u00f3pria m\u00e3e sofrendo viol\u00eancia f\u00edsica pelo companheiro e compartilhou o registro nas redes sociais na tentativa de salvar a v\u00edtima, nesta segunda-feira (31), em Jaguaria\u00edva, na regi\u00e3o dos Campos Gerais do Paran\u00e1.<\/p>\n<h2>A mobiliza\u00e7\u00e3o atrav\u00e9s das redes sociais<\/h2>\n<p>A Guarda Civil Municipal (GCM) agiu prontamente ap\u00f3s receber alertas no WhatsApp oficial da corpora\u00e7\u00e3o, onde dezenas de usu\u00e1rios compartilhavam o conte\u00fado que circulava no Facebook.<\/p>\n<p>O comando da seguran\u00e7a p\u00fablica confirmou que o material audiovisual foi produzido por um dos menores que presenciaram a cena de viol\u00eancia dom\u00e9stica dentro da resid\u00eancia da fam\u00edlia.<\/p>\n<h2>Detalhes das agress\u00f5es e socorro policial<\/h2>\n<p>No decorrer da grava\u00e7\u00e3o, \u00e9 poss\u00edvel ouvir a v\u00edtima implorando para que o filho continuasse registrando o ato e confrontando o agressor, afirmando que n\u00e3o seria morta por ele.<\/p>\n<p>A Equipe Alfa da corpora\u00e7\u00e3o se deslocou imediatamente at\u00e9 o endere\u00e7o fornecido por uma familiar da mulher, conseguindo resgatar as v\u00edtimas e deter o suspeito no local exato da ocorr\u00eancia.<\/p>\n<h2>Hist\u00f3rico de viol\u00eancia e amea\u00e7as contra a fam\u00edlia<\/h2>\n<p>Em depoimento aos agentes de seguran\u00e7a, a mulher revelou que sofria abusos f\u00edsicos de maneira recorrente e que a situa\u00e7\u00e3o piorou drasticamente no final de semana, incluindo uma tentativa de sufocamento com travesseiro durante a madrugada.<\/p>\n<p>Al\u00e9m disso, a m\u00e3e relatou que o agressor tamb\u00e9m bateu na crian\u00e7a de seis anos e impunha medo com constantes amea\u00e7as de morte direcionadas a todos caso o caso fosse exposto \u00e0s autoridades.<\/p>\n<h2>Pris\u00e3o em flagrante e encaminhamento jur\u00eddico<\/h2>\n<p>Durante a abordagem policial, o homem ofereceu resist\u00eancia ativa, obrigando a equipe a usar t\u00e9cnicas de conten\u00e7\u00e3o para o uso de algemas.<\/p>\n<p>Ap\u00f3s passarem por exames de corpo de delito no Hospital Carolina Lupion, os envolvidos foram apresentados na Delegacia da Pol\u00edcia Civil, onde o suspeito permaneceu recluso aguardando a audi\u00eancia de cust\u00f3dia para convers\u00e3o da pris\u00e3o em preventiva.<\/p>\n<p>Por Reda\u00e7\u00e3o Acontece<\/p>\n<p>Cr\u00e9ditos da imagem: Reprodu\u00e7\u00e3o \/ Redes Sociais<\/p>\n","protected":false},"excerpt":{"rendered":"<p>Uma crian\u00e7a de apenas seis anos gravou a pr\u00f3pria m\u00e3e sofrendo viol\u00eancia f\u00edsica pelo companheiro e compartilhou o registro nas redes sociais na tentativa de salvar a v\u00edtima, nesta segunda-feira (31), em Jaguaria\u00edva, na regi\u00e3o dos Campos Gerais do Paran\u00e1. A mobiliza\u00e7\u00e3o atrav\u00e9s das redes sociais A Guarda Civil Municipal (GCM) agiu prontamente ap\u00f3s receber [&hellip;]<\/p>\n","protected":false},"author":0,"featured_media":33436,"comment_status":"open","ping_status":"open","sticky":false,"template":"","format":"standard","meta":{"footnotes":""},"categories":[18],"tags":[],"class_list":["post-33433","post","type-post","status-publish","format-standard","has-post-thumbnail","hentry","category-parana"],"_links":{"self":[{"href":"https:\/\/acontecenafronteira.com.br\/index.php\/wp-json\/wp\/v2\/posts\/33433","targetHints":{"allow":["GET"]}}],"collection":[{"href":"https:\/\/acontecenafronteira.com.br\/index.php\/wp-json\/wp\/v2\/posts"}],"about":[{"href":"https:\/\/acontecenafronteira.com.br\/index.php\/wp-json\/wp\/v2\/types\/post"}],"replies":[{"embeddable":true,"href":"https:\/\/acontecenafronteira.com.br\/index.php\/wp-json\/wp\/v2\/comments?post=33433"}],"version-history":[{"count":1,"href":"https:\/\/acontecenafronteira.com.br\/index.php\/wp-json\/wp\/v2\/posts\/33433\/revisions"}],"predecessor-version":[{"id":33435,"href":"https:\/\/acontecenafronteira.com.br\/index.php\/wp-json\/wp\/v2\/posts\/33433\/revisions\/33435"}],"wp:featuredmedia":[{"embeddable":true,"href":"https:\/\/acontecenafronteira.com.br\/index.php\/wp-json\/wp\/v2\/media\/33436"}],"wp:attachment":[{"href":"https:\/\/acontecenafronteira.com.br\/index.php\/wp-json\/wp\/v2\/media?parent=33433"}],"wp:term":[{"taxonomy":"category","embeddable":true,"href":"https:\/\/acontecenafronteira.com.br\/index.php\/wp-json\/wp\/v2\/categories?post=33433"},{"taxonomy":"post_tag","embeddable":true,"href":"https:\/\/acontecenafronteira.com.br\/index.php\/wp-json\/wp\/v2\/tags?post=33433"}],"curies":[{"name":"wp","href":"https:\/\/api.w.org\/{rel}","templated":true}]}}