{"id":33430,"date":"2026-09-01T19:35:50","date_gmt":"2026-09-01T22:35:50","guid":{"rendered":"https:\/\/acontecenafronteira.com.br\/?p=33430"},"modified":"2026-09-01T19:35:50","modified_gmt":"2026-09-01T22:35:50","slug":"celulares-topo-de-linha-setembro-reserva-enxurrada-de-lancamentos","status":"publish","type":"post","link":"https:\/\/acontecenafronteira.com.br\/index.php\/2026\/09\/01\/celulares-topo-de-linha-setembro-reserva-enxurrada-de-lancamentos\/","title":{"rendered":"Celulares topo de linha: setembro reserva enxurrada de lan\u00e7amentos"},"content":{"rendered":"<p>O mercado global de tecnologia se prepara para uma verdadeira enxurrada de novidades nas pr\u00f3ximas semanas. Setembro ser\u00e1 marcado por grandes an\u00fancios no setor de telefonia m\u00f3vel, com marcas de peso disputando a aten\u00e7\u00e3o dos consumidores mais exigentes que buscam aparelhos de \u00faltima gera\u00e7\u00e3o.<\/p>\n<h2>A batalha dos dobr\u00e1veis e novos gigantes<\/h2>\n<p>A disputa promete ser acirrada entre as principais fabricantes do planeta. Gigantes como Huawei e Xiaomi preparam revela\u00e7\u00f5es de peso para o per\u00edodo, enquanto a Apple mant\u00e9m sua tradicional agenda de atualiza\u00e7\u00f5es anuais para o m\u00eas, prometendo movimentar bilh\u00f5es em vendas ao redor do globo.<\/p>\n<h3>O que esperar da gigante de Cupertino e das rivais<\/h3>\n<p>Enquanto a Apple guarda a sete chaves os detalhes de sua nova linha de celulares, concorrentes asi\u00e1ticas apostam em inova\u00e7\u00e3o agressiva. A guerra dos dobr\u00e1veis ganha novos cap\u00edtulos com aparelhos mais finos, telas resistentes e tecnologias avan\u00e7adas de intelig\u00eancia artificial embutidas no hardware.<\/p>\n<h2>Expectativa para chegada na fronteira<\/h2>\n<p>Para quem costuma fazer compras no exterior, a grande d\u00favida \u00e9 quando esses cobi\u00e7ados dispositivos desembarcar\u00e3o nas prateleiras de Ciudad del Este. Com o hist\u00f3rico de lan\u00e7amentos r\u00e1pidos, a regi\u00e3o de fronteira deve receber os primeiros lotes pouco tempo ap\u00f3s a libera\u00e7\u00e3o oficial no mercado internacional.<\/p>\n<p>Com tantas op\u00e7\u00f5es de alto padr\u00e3o chegando simultaneamente \u00e0s lojas, os consumidores precisar\u00e3o avaliar cuidadosamente o or\u00e7amento antes de investir nos novos queridinhos da tecnologia mundial.<\/p>\n<p>Por Reda\u00e7\u00e3o Acontece<\/p>\n<p>Cr\u00e9ditos da imagem: Divulga\u00e7\u00e3o\/Pixabay<\/p>\n","protected":false},"excerpt":{"rendered":"<p>O mercado global de tecnologia se prepara para uma verdadeira enxurrada de novidades nas pr\u00f3ximas semanas. Setembro ser\u00e1 marcado por grandes an\u00fancios no setor de telefonia m\u00f3vel, com marcas de peso disputando a aten\u00e7\u00e3o dos consumidores mais exigentes que buscam aparelhos de \u00faltima gera\u00e7\u00e3o. A batalha dos dobr\u00e1veis e novos gigantes A disputa promete ser [&hellip;]<\/p>\n","protected":false},"author":0,"featured_media":33432,"comment_status":"open","ping_status":"open","sticky":false,"template":"","format":"standard","meta":{"footnotes":""},"categories":[4],"tags":[],"class_list":["post-33430","post","type-post","status-publish","format-standard","has-post-thumbnail","hentry","category-cidade"],"_links":{"self":[{"href":"https:\/\/acontecenafronteira.com.br\/index.php\/wp-json\/wp\/v2\/posts\/33430","targetHints":{"allow":["GET"]}}],"collection":[{"href":"https:\/\/acontecenafronteira.com.br\/index.php\/wp-json\/wp\/v2\/posts"}],"about":[{"href":"https:\/\/acontecenafronteira.com.br\/index.php\/wp-json\/wp\/v2\/types\/post"}],"replies":[{"embeddable":true,"href":"https:\/\/acontecenafronteira.com.br\/index.php\/wp-json\/wp\/v2\/comments?post=33430"}],"version-history":[{"count":1,"href":"https:\/\/acontecenafronteira.com.br\/index.php\/wp-json\/wp\/v2\/posts\/33430\/revisions"}],"predecessor-version":[{"id":33431,"href":"https:\/\/acontecenafronteira.com.br\/index.php\/wp-json\/wp\/v2\/posts\/33430\/revisions\/33431"}],"wp:featuredmedia":[{"embeddable":true,"href":"https:\/\/acontecenafronteira.com.br\/index.php\/wp-json\/wp\/v2\/media\/33432"}],"wp:attachment":[{"href":"https:\/\/acontecenafronteira.com.br\/index.php\/wp-json\/wp\/v2\/media?parent=33430"}],"wp:term":[{"taxonomy":"category","embeddable":true,"href":"https:\/\/acontecenafronteira.com.br\/index.php\/wp-json\/wp\/v2\/categories?post=33430"},{"taxonomy":"post_tag","embeddable":true,"href":"https:\/\/acontecenafronteira.com.br\/index.php\/wp-json\/wp\/v2\/tags?post=33430"}],"curies":[{"name":"wp","href":"https:\/\/api.w.org\/{rel}","templated":true}]}}