{"id":33421,"date":"2026-09-01T18:37:38","date_gmt":"2026-09-01T21:37:38","guid":{"rendered":"https:\/\/acontecenafronteira.com.br\/?p=33421"},"modified":"2026-09-01T18:37:38","modified_gmt":"2026-09-01T21:37:38","slug":"claudio-lottenberg-se-licencia-do-einstein-apos-citacao-eleitoral","status":"publish","type":"post","link":"https:\/\/acontecenafronteira.com.br\/index.php\/2026\/09\/01\/claudio-lottenberg-se-licencia-do-einstein-apos-citacao-eleitoral\/","title":{"rendered":"Claudio Lottenberg se licencia do Einstein ap\u00f3s cita\u00e7\u00e3o eleitoral"},"content":{"rendered":"<p>O Hospital Israelita Albert Einstein comunicou nesta ter\u00e7a-feira que Claudio Luiz Lottenberg pediu afastamento de suas fun\u00e7\u00f5es na governan\u00e7a da institui\u00e7\u00e3o at\u00e9 o fim do per\u00edodo eleitoral.<\/p>\n<h2>Contexto da licen\u00e7a<\/h2>\n<p>A decis\u00e3o ocorre poucos dias ap\u00f3s o senador e candidato \u00e0 Presid\u00eancia Fl\u00e1vio Bolsonaro (PL) declarar, durante sabatina na TV Globo, que planeja indicar o m\u00e9dico para o comando do Minist\u00e9rio da Sa\u00fade caso ven\u00e7a o pleito de outubro.<\/p>\n<h2>Regras de neutralidade da institui\u00e7\u00e3o<\/h2>\n<p>Em comunicado oficial, a dire\u00e7\u00e3o do hospital destacou que o afastamento respeita as diretrizes internas da organiza\u00e7\u00e3o.<\/p>\n<p>Essa decis\u00e3o est\u00e1 em conformidade com o C\u00f3digo de \u00c9tica do Einstein, que exige absoluta neutralidade pol\u00edtica e veda o uso de seus bens e recursos para fins pol\u00edticos, pontuou a nota da institui\u00e7\u00e3o de sa\u00fade.<\/p>\n<p>Por Reda\u00e7\u00e3o Acontece<\/p>\n<p>Cr\u00e9ditos da imagem: Divulga\u00e7\u00e3o\/Einstein<\/p>\n","protected":false},"excerpt":{"rendered":"<p>O Hospital Israelita Albert Einstein comunicou nesta ter\u00e7a-feira que Claudio Luiz Lottenberg pediu afastamento de suas fun\u00e7\u00f5es na governan\u00e7a da institui\u00e7\u00e3o at\u00e9 o fim do per\u00edodo eleitoral. Contexto da licen\u00e7a A decis\u00e3o ocorre poucos dias ap\u00f3s o senador e candidato \u00e0 Presid\u00eancia Fl\u00e1vio Bolsonaro (PL) declarar, durante sabatina na TV Globo, que planeja indicar o [&hellip;]<\/p>\n","protected":false},"author":0,"featured_media":33428,"comment_status":"open","ping_status":"open","sticky":false,"template":"","format":"standard","meta":{"footnotes":""},"categories":[28],"tags":[],"class_list":["post-33421","post","type-post","status-publish","format-standard","has-post-thumbnail","hentry","category-mundo"],"_links":{"self":[{"href":"https:\/\/acontecenafronteira.com.br\/index.php\/wp-json\/wp\/v2\/posts\/33421","targetHints":{"allow":["GET"]}}],"collection":[{"href":"https:\/\/acontecenafronteira.com.br\/index.php\/wp-json\/wp\/v2\/posts"}],"about":[{"href":"https:\/\/acontecenafronteira.com.br\/index.php\/wp-json\/wp\/v2\/types\/post"}],"replies":[{"embeddable":true,"href":"https:\/\/acontecenafronteira.com.br\/index.php\/wp-json\/wp\/v2\/comments?post=33421"}],"version-history":[{"count":1,"href":"https:\/\/acontecenafronteira.com.br\/index.php\/wp-json\/wp\/v2\/posts\/33421\/revisions"}],"predecessor-version":[{"id":33427,"href":"https:\/\/acontecenafronteira.com.br\/index.php\/wp-json\/wp\/v2\/posts\/33421\/revisions\/33427"}],"wp:featuredmedia":[{"embeddable":true,"href":"https:\/\/acontecenafronteira.com.br\/index.php\/wp-json\/wp\/v2\/media\/33428"}],"wp:attachment":[{"href":"https:\/\/acontecenafronteira.com.br\/index.php\/wp-json\/wp\/v2\/media?parent=33421"}],"wp:term":[{"taxonomy":"category","embeddable":true,"href":"https:\/\/acontecenafronteira.com.br\/index.php\/wp-json\/wp\/v2\/categories?post=33421"},{"taxonomy":"post_tag","embeddable":true,"href":"https:\/\/acontecenafronteira.com.br\/index.php\/wp-json\/wp\/v2\/tags?post=33421"}],"curies":[{"name":"wp","href":"https:\/\/api.w.org\/{rel}","templated":true}]}}