{"id":33420,"date":"2026-09-01T18:37:34","date_gmt":"2026-09-01T21:37:34","guid":{"rendered":"https:\/\/acontecenafronteira.com.br\/?p=33420"},"modified":"2026-09-01T18:37:34","modified_gmt":"2026-09-01T21:37:34","slug":"fim-da-escala-6x1-relator-quer-votacao-antes-das-eleicoes","status":"publish","type":"post","link":"https:\/\/acontecenafronteira.com.br\/index.php\/2026\/09\/01\/fim-da-escala-6x1-relator-quer-votacao-antes-das-eleicoes\/","title":{"rendered":"Fim da escala 6&#215;1: relator quer vota\u00e7\u00e3o antes das elei\u00e7\u00f5es"},"content":{"rendered":"<p>O relator da Proposta de Emenda \u00e0 Constitui\u00e7\u00e3o que visa encerrar a <strong>escala 6&#215;1<\/strong>, senador Osmar Aziz (PSD-AM), confirmou que apresentar\u00e1 seu parecer na Comiss\u00e3o de Constitui\u00e7\u00e3o e Justi\u00e7a (CCJ) do Senado sem altera\u00e7\u00f5es. A decis\u00e3o foi anunciada ap\u00f3s encontros com l\u00edderes do setor produtivo e ocorre em meio \u00e0 articula\u00e7\u00e3o do governo para que a medida seja aprovada antes do pleito eleitoral.<\/p>\n<h2>Tramita\u00e7\u00e3o acelerada no Congresso<\/h2>\n<p>O parlamentar destacou que a mat\u00e9ria \u00e9 a principal prioridade da pauta e expressou confian\u00e7a na aprova\u00e7\u00e3o pelo colegiado, mesmo diante de poss\u00edveis tentativas da oposi\u00e7\u00e3o de utilizar manobras regimentais para atrasar o debate. Para agilizar o processo, o senador informou que solicitar\u00e1 um <strong>calend\u00e1rio especial<\/strong>, incluindo a quebra de interst\u00edcio, visando a vota\u00e7\u00e3o em plen\u00e1rio durante o esfor\u00e7o concentrado do Congresso.<\/p>\n<h2>Di\u00e1logo com o setor produtivo e ajustes futuros<\/h2>\n<p>Questionado sobre as apreens\u00f5es manifestadas por empres\u00e1rios, o relator classificou como invi\u00e1vel qualquer altera\u00e7\u00e3o no texto vindo da C\u00e2mara dos Deputados, justificando que mudan\u00e7as poderiam gerar atrasos indesejados. Contudo, o pol\u00edtico pontuou que ajustes espec\u00edficos para categorias como aeronautas, petroleiros, motoristas de carga e trabalhadores mar\u00edtimos poder\u00e3o ser realizados posteriormente, por meio de novas PECs ou projetos complementares durante o per\u00edodo de transi\u00e7\u00e3o.<\/p>\n<h2>O impacto da nova jornada de trabalho<\/h2>\n<p>O cronograma estabelecido pela proposta prev\u00ea uma redu\u00e7\u00e3o gradual na carga hor\u00e1ria semanal. Inicialmente, o limite passa de 44 para 42 horas j\u00e1 nos primeiros dois meses ap\u00f3s a promulga\u00e7\u00e3o, per\u00edodo em que a semana de labor ser\u00e1 reduzida para cinco dias. Na etapa seguinte, ap\u00f3s 14 meses, o teto cai definitivamente para 40 horas semanais, garantindo jornadas di\u00e1rias de oito horas e duas folgas semanais, com prefer\u00eancia para que uma delas ocorra aos domingos.<\/p>\n<p>Por Reda\u00e7\u00e3o Acontece<\/p>\n<p>Foto: Divulga\u00e7\u00e3o\/Ag\u00eancia Senado<\/p>\n","protected":false},"excerpt":{"rendered":"<p>O relator da Proposta de Emenda \u00e0 Constitui\u00e7\u00e3o que visa encerrar a escala 6&#215;1, senador Osmar Aziz (PSD-AM), confirmou que apresentar\u00e1 seu parecer na Comiss\u00e3o de Constitui\u00e7\u00e3o e Justi\u00e7a (CCJ) do Senado sem altera\u00e7\u00f5es. A decis\u00e3o foi anunciada ap\u00f3s encontros com l\u00edderes do setor produtivo e ocorre em meio \u00e0 articula\u00e7\u00e3o do governo para que [&hellip;]<\/p>\n","protected":false},"author":0,"featured_media":33426,"comment_status":"open","ping_status":"open","sticky":false,"template":"","format":"standard","meta":{"footnotes":""},"categories":[28],"tags":[],"class_list":["post-33420","post","type-post","status-publish","format-standard","has-post-thumbnail","hentry","category-mundo"],"_links":{"self":[{"href":"https:\/\/acontecenafronteira.com.br\/index.php\/wp-json\/wp\/v2\/posts\/33420","targetHints":{"allow":["GET"]}}],"collection":[{"href":"https:\/\/acontecenafronteira.com.br\/index.php\/wp-json\/wp\/v2\/posts"}],"about":[{"href":"https:\/\/acontecenafronteira.com.br\/index.php\/wp-json\/wp\/v2\/types\/post"}],"replies":[{"embeddable":true,"href":"https:\/\/acontecenafronteira.com.br\/index.php\/wp-json\/wp\/v2\/comments?post=33420"}],"version-history":[{"count":1,"href":"https:\/\/acontecenafronteira.com.br\/index.php\/wp-json\/wp\/v2\/posts\/33420\/revisions"}],"predecessor-version":[{"id":33425,"href":"https:\/\/acontecenafronteira.com.br\/index.php\/wp-json\/wp\/v2\/posts\/33420\/revisions\/33425"}],"wp:featuredmedia":[{"embeddable":true,"href":"https:\/\/acontecenafronteira.com.br\/index.php\/wp-json\/wp\/v2\/media\/33426"}],"wp:attachment":[{"href":"https:\/\/acontecenafronteira.com.br\/index.php\/wp-json\/wp\/v2\/media?parent=33420"}],"wp:term":[{"taxonomy":"category","embeddable":true,"href":"https:\/\/acontecenafronteira.com.br\/index.php\/wp-json\/wp\/v2\/categories?post=33420"},{"taxonomy":"post_tag","embeddable":true,"href":"https:\/\/acontecenafronteira.com.br\/index.php\/wp-json\/wp\/v2\/tags?post=33420"}],"curies":[{"name":"wp","href":"https:\/\/api.w.org\/{rel}","templated":true}]}}