{"id":33419,"date":"2026-09-01T18:37:24","date_gmt":"2026-09-01T21:37:24","guid":{"rendered":"https:\/\/acontecenafronteira.com.br\/?p=33419"},"modified":"2026-09-01T18:37:24","modified_gmt":"2026-09-01T21:37:24","slug":"stf-e-acionado-para-exigir-fiscalizacao-de-cotas-raciais","status":"publish","type":"post","link":"https:\/\/acontecenafronteira.com.br\/index.php\/2026\/09\/01\/stf-e-acionado-para-exigir-fiscalizacao-de-cotas-raciais\/","title":{"rendered":"STF \u00e9 acionado para exigir fiscaliza\u00e7\u00e3o de cotas raciais"},"content":{"rendered":"<p>Um grupo formado por seis organiza\u00e7\u00f5es de defesa dos direitos da popula\u00e7\u00e3o negra e quilombola protocolou um pedido de urg\u00eancia no Supremo Tribunal Federal (STF). O objetivo \u00e9 for\u00e7ar as legendas partid\u00e1rias a comprovarem, antes do encerramento do prazo legal, a destina\u00e7\u00e3o m\u00ednima de 30% dos recursos p\u00fablicos de campanha para candidaturas de pessoas pretas e pardas no pleito deste ano.<\/p>\n<h2>Cobran\u00e7a por transpar\u00eancia nas elei\u00e7\u00f5es<\/h2>\n<p>A a\u00e7\u00e3o busca garantir que a determina\u00e7\u00e3o legal seja efetivamente cumprida e fiscalizada a tempo, evitando fraudes ou descumprimento das regras de financiamento eleitoral voltadas \u00e0 promo\u00e7\u00e3o da igualdade racial na pol\u00edtica brasileira.<\/p>\n<p>As agremia\u00e7\u00f5es partid\u00e1rias precisam demonstrar que os valores p\u00fablicos repassados para as campanhas est\u00e3o sendo distribu\u00eddos de forma equitativa e em total conformidade com a legisla\u00e7\u00e3o vigente.<\/p>\n<h2>Impacto na representatividade pol\u00edtica<\/h2>\n<p>A exig\u00eancia de comprova\u00e7\u00e3o pr\u00e9via \u00e9 vista pelas entidades autoras da a\u00e7\u00e3o como um mecanismo indispens\u00e1vel para assegurar a participa\u00e7\u00e3o efetiva de candidatos negros e pardos nas disputas eleitorais, combatendo desigualdades hist\u00f3ricas no acesso aos recursos financeiros.<\/p>\n<p>A decis\u00e3o que for tomada pela Suprema Corte poder\u00e1 estabelecer diretrizes mais r\u00edgidas para a presta\u00e7\u00e3o de contas dos partidos pol\u00edticos e definir o futuro da representatividade nos cargos eletivos do pa\u00eds.<\/p>\n<p>Por Reda\u00e7\u00e3o Acontece<\/p>\n<p>Cr\u00e9ditos da imagem: Divulga\u00e7\u00e3o\/STF<\/p>\n","protected":false},"excerpt":{"rendered":"<p>Um grupo formado por seis organiza\u00e7\u00f5es de defesa dos direitos da popula\u00e7\u00e3o negra e quilombola protocolou um pedido de urg\u00eancia no Supremo Tribunal Federal (STF). O objetivo \u00e9 for\u00e7ar as legendas partid\u00e1rias a comprovarem, antes do encerramento do prazo legal, a destina\u00e7\u00e3o m\u00ednima de 30% dos recursos p\u00fablicos de campanha para candidaturas de pessoas pretas [&hellip;]<\/p>\n","protected":false},"author":0,"featured_media":33424,"comment_status":"open","ping_status":"open","sticky":false,"template":"","format":"standard","meta":{"footnotes":""},"categories":[28],"tags":[],"class_list":["post-33419","post","type-post","status-publish","format-standard","has-post-thumbnail","hentry","category-mundo"],"_links":{"self":[{"href":"https:\/\/acontecenafronteira.com.br\/index.php\/wp-json\/wp\/v2\/posts\/33419","targetHints":{"allow":["GET"]}}],"collection":[{"href":"https:\/\/acontecenafronteira.com.br\/index.php\/wp-json\/wp\/v2\/posts"}],"about":[{"href":"https:\/\/acontecenafronteira.com.br\/index.php\/wp-json\/wp\/v2\/types\/post"}],"replies":[{"embeddable":true,"href":"https:\/\/acontecenafronteira.com.br\/index.php\/wp-json\/wp\/v2\/comments?post=33419"}],"version-history":[{"count":1,"href":"https:\/\/acontecenafronteira.com.br\/index.php\/wp-json\/wp\/v2\/posts\/33419\/revisions"}],"predecessor-version":[{"id":33423,"href":"https:\/\/acontecenafronteira.com.br\/index.php\/wp-json\/wp\/v2\/posts\/33419\/revisions\/33423"}],"wp:featuredmedia":[{"embeddable":true,"href":"https:\/\/acontecenafronteira.com.br\/index.php\/wp-json\/wp\/v2\/media\/33424"}],"wp:attachment":[{"href":"https:\/\/acontecenafronteira.com.br\/index.php\/wp-json\/wp\/v2\/media?parent=33419"}],"wp:term":[{"taxonomy":"category","embeddable":true,"href":"https:\/\/acontecenafronteira.com.br\/index.php\/wp-json\/wp\/v2\/categories?post=33419"},{"taxonomy":"post_tag","embeddable":true,"href":"https:\/\/acontecenafronteira.com.br\/index.php\/wp-json\/wp\/v2\/tags?post=33419"}],"curies":[{"name":"wp","href":"https:\/\/api.w.org\/{rel}","templated":true}]}}