{"id":33411,"date":"2026-09-01T18:37:18","date_gmt":"2026-09-01T21:37:18","guid":{"rendered":"https:\/\/acontecenafronteira.com.br\/?p=33411"},"modified":"2026-09-01T18:37:18","modified_gmt":"2026-09-01T21:37:18","slug":"tre-pr-valida-candidatura-de-jocelito-canto-a-federal","status":"publish","type":"post","link":"https:\/\/acontecenafronteira.com.br\/index.php\/2026\/09\/01\/tre-pr-valida-candidatura-de-jocelito-canto-a-federal\/","title":{"rendered":"TRE-PR valida candidatura de Jocelito Canto a federal"},"content":{"rendered":"<p>O Tribunal Regional Eleitoral do Paran\u00e1 (TRE-PR) validou, na tarde desta segunda-feira (31), o registro de candidatura de <b>Jocelito Canto (PP)<\/b> para a corrida rumo \u00e0 C\u00e2mara dos Deputados.<\/p>\n<h2>A situa\u00e7\u00e3o do candidato no pleito<\/h2>\n<p>Com a decis\u00e3o da Corte estadual, o nome do pol\u00edtico paranaense passa a figurar oficialmente entre os aptos a receber votos nas urnas para o cargo de deputado federal.<\/p>\n<h2>Pr\u00f3ximos passos da campanha<\/h2>\n<p>A homologa\u00e7\u00e3o pelo tribunal representa um marco importante para a estrutura\u00e7\u00e3o da campanha do Progressistas, permitindo a intensifica\u00e7\u00e3o das agendas pol\u00edticas na regi\u00e3o.<\/p>\n<p>O cen\u00e1rio pol\u00edtico estadual segue movimentado com as atualiza\u00e7\u00f5es di\u00e1rias nos registros de candidaturas analisadas pela Justi\u00e7a Eleitoral.<\/p>\n<p>Novas atualiza\u00e7\u00f5es sobre o andamento do processo eleitoral no estado devem ser divulgadas pelos \u00f3rg\u00e3os competentes nas pr\u00f3ximas semanas.<\/p>\n<p>A expectativa agora \u00e9 que o candidato intensifique sua <b>campanha pol\u00edtica<\/b> em busca de apoio popular para garantir uma das cadeiras em Bras\u00edlia.<\/p>\n<p>Por Reda\u00e7\u00e3o Acontece<\/p>\n<p>Cr\u00e9ditos da imagem: Reprodu\u00e7\u00e3o\/Redes Sociais<\/p>\n","protected":false},"excerpt":{"rendered":"<p>O Tribunal Regional Eleitoral do Paran\u00e1 (TRE-PR) validou, na tarde desta segunda-feira (31), o registro de candidatura de Jocelito Canto (PP) para a corrida rumo \u00e0 C\u00e2mara dos Deputados. A situa\u00e7\u00e3o do candidato no pleito Com a decis\u00e3o da Corte estadual, o nome do pol\u00edtico paranaense passa a figurar oficialmente entre os aptos a receber [&hellip;]<\/p>\n","protected":false},"author":0,"featured_media":33417,"comment_status":"open","ping_status":"open","sticky":false,"template":"","format":"standard","meta":{"footnotes":""},"categories":[18],"tags":[],"class_list":["post-33411","post","type-post","status-publish","format-standard","has-post-thumbnail","hentry","category-parana"],"_links":{"self":[{"href":"https:\/\/acontecenafronteira.com.br\/index.php\/wp-json\/wp\/v2\/posts\/33411","targetHints":{"allow":["GET"]}}],"collection":[{"href":"https:\/\/acontecenafronteira.com.br\/index.php\/wp-json\/wp\/v2\/posts"}],"about":[{"href":"https:\/\/acontecenafronteira.com.br\/index.php\/wp-json\/wp\/v2\/types\/post"}],"replies":[{"embeddable":true,"href":"https:\/\/acontecenafronteira.com.br\/index.php\/wp-json\/wp\/v2\/comments?post=33411"}],"version-history":[{"count":1,"href":"https:\/\/acontecenafronteira.com.br\/index.php\/wp-json\/wp\/v2\/posts\/33411\/revisions"}],"predecessor-version":[{"id":33416,"href":"https:\/\/acontecenafronteira.com.br\/index.php\/wp-json\/wp\/v2\/posts\/33411\/revisions\/33416"}],"wp:featuredmedia":[{"embeddable":true,"href":"https:\/\/acontecenafronteira.com.br\/index.php\/wp-json\/wp\/v2\/media\/33417"}],"wp:attachment":[{"href":"https:\/\/acontecenafronteira.com.br\/index.php\/wp-json\/wp\/v2\/media?parent=33411"}],"wp:term":[{"taxonomy":"category","embeddable":true,"href":"https:\/\/acontecenafronteira.com.br\/index.php\/wp-json\/wp\/v2\/categories?post=33411"},{"taxonomy":"post_tag","embeddable":true,"href":"https:\/\/acontecenafronteira.com.br\/index.php\/wp-json\/wp\/v2\/tags?post=33411"}],"curies":[{"name":"wp","href":"https:\/\/api.w.org\/{rel}","templated":true}]}}