{"id":33389,"date":"2026-09-01T17:37:37","date_gmt":"2026-09-01T20:37:37","guid":{"rendered":"https:\/\/acontecenafronteira.com.br\/?p=33389"},"modified":"2026-09-01T17:37:37","modified_gmt":"2026-09-01T20:37:37","slug":"londrina-x-juventude-onde-assistir-e-escalacoes-na-serie-b","status":"publish","type":"post","link":"https:\/\/acontecenafronteira.com.br\/index.php\/2026\/09\/01\/londrina-x-juventude-onde-assistir-e-escalacoes-na-serie-b\/","title":{"rendered":"Londrina x Juventude: onde assistir e escala\u00e7\u00f5es na S\u00e9rie B"},"content":{"rendered":"<p>O Est\u00e1dio do Caf\u00e9 ser\u00e1 o palco do confronto entre Londrina e Juventude nesta ter\u00e7a-feira (1\u00ba), v\u00e1lido pela 25\u00aa rodada do Campeonato Brasileiro S\u00e9rie B. A bola rola a partir das 21h30 (hor\u00e1rio de Bras\u00edlia), em um duelo de extrema import\u00e2ncia para os objetivos de ambas as equipes na tabela de classifica\u00e7\u00e3o.<\/p>\n<h2>Onde assistir ao vivo<\/h2>\n<p>Os torcedores que desejam acompanhar a partida de perto ter\u00e3o op\u00e7\u00f5es tanto na televis\u00e3o fechada quanto no pay-per-view. A transmiss\u00e3o oficial e exclusiva ser\u00e1 realizada pelos canais SporTV e pelo sistema Premiere, cobrindo todas as emo\u00e7\u00f5es do gramado em tempo real.<\/p>\n<h2>Situa\u00e7\u00e3o das equipes na tabela<\/h2>\n<p>O Tubar\u00e3o entra em campo pressionado pela necessidade de reabilita\u00e7\u00e3o na competi\u00e7\u00e3o nacional. Atualmente na zona de rebaixamento, a equipe paranaense busca somar pontos preciosos como mandante para iniciar sua rea\u00e7\u00e3o e escapar do descenso nas pr\u00f3ximas rodadas.<\/p>\n<p>Por outro lado, a equipe ga\u00facha vive um momento totalmente oposto e ambiciona o G4. O time de Caxias do Sul tem apresentado regularidade e mira a vit\u00f3ria fora de casa para se aproximar ainda mais dos primeiros colocados e seguir firme na luta pelo acesso \u00e0 elite do futebol brasileiro.<\/p>\n<h2>Prov\u00e1veis escala\u00e7\u00f5es<\/h2>\n<p>Para este compromisso importante, os dois clubes dever\u00e3o ir a campo com o que possuem de melhor em seus planteis. Os t\u00e9cnicos ajustaram os \u00faltimos detalhes t\u00e1ticos nos treinamentos recentes para buscar os tr\u00eas pontos.<\/p>\n<p>O time paranaense deve iniciar o confronto com Neneca no gol; a linha defensiva com Ezequiel, Gabriel, Rafael Vaz e Gustavo Salom\u00e3o; o meio-campo formado por Jo\u00e3o Paulo, Mois\u00e9s Ga\u00facho e Higor Leite; enquanto o setor ofensivo contar\u00e1 com Paulinho Moccelin, William Barbio e Everton Morelli.<\/p>\n<p>J\u00e1 a forma\u00e7\u00e3o visitante prov\u00e1vel conta com Thiago Couto na meta; Reginaldo, Z\u00e9 Marcos, Danilo Boza e Alan Ruschel na defesa; Jadson, Jean Irmer e Vini Paulista no setor intermedi\u00e1rio; com um ataque agudo composto por Nen\u00ea, David e o centroavante Erick Farias.<\/p>\n<p>A arbitragem da partida ficar\u00e1 a cargo de um trio definido pela Confedera\u00e7\u00e3o Brasileira de Futebol, com \u00e1rbitro principal e assistentes com ampla experi\u00eancia em competi\u00e7\u00f5es nacionais.<\/p>\n<p>Por Reda\u00e7\u00e3o Acontece<\/p>\n<p>Foto: Divulga\u00e7\u00e3o\/CBF<\/p>\n","protected":false},"excerpt":{"rendered":"<p>O Est\u00e1dio do Caf\u00e9 ser\u00e1 o palco do confronto entre Londrina e Juventude nesta ter\u00e7a-feira (1\u00ba), v\u00e1lido pela 25\u00aa rodada do Campeonato Brasileiro S\u00e9rie B. A bola rola a partir das 21h30 (hor\u00e1rio de Bras\u00edlia), em um duelo de extrema import\u00e2ncia para os objetivos de ambas as equipes na tabela de classifica\u00e7\u00e3o. Onde assistir ao [&hellip;]<\/p>\n","protected":false},"author":0,"featured_media":33394,"comment_status":"open","ping_status":"open","sticky":false,"template":"","format":"standard","meta":{"footnotes":""},"categories":[18],"tags":[],"class_list":["post-33389","post","type-post","status-publish","format-standard","has-post-thumbnail","hentry","category-parana"],"_links":{"self":[{"href":"https:\/\/acontecenafronteira.com.br\/index.php\/wp-json\/wp\/v2\/posts\/33389","targetHints":{"allow":["GET"]}}],"collection":[{"href":"https:\/\/acontecenafronteira.com.br\/index.php\/wp-json\/wp\/v2\/posts"}],"about":[{"href":"https:\/\/acontecenafronteira.com.br\/index.php\/wp-json\/wp\/v2\/types\/post"}],"replies":[{"embeddable":true,"href":"https:\/\/acontecenafronteira.com.br\/index.php\/wp-json\/wp\/v2\/comments?post=33389"}],"version-history":[{"count":1,"href":"https:\/\/acontecenafronteira.com.br\/index.php\/wp-json\/wp\/v2\/posts\/33389\/revisions"}],"predecessor-version":[{"id":33393,"href":"https:\/\/acontecenafronteira.com.br\/index.php\/wp-json\/wp\/v2\/posts\/33389\/revisions\/33393"}],"wp:featuredmedia":[{"embeddable":true,"href":"https:\/\/acontecenafronteira.com.br\/index.php\/wp-json\/wp\/v2\/media\/33394"}],"wp:attachment":[{"href":"https:\/\/acontecenafronteira.com.br\/index.php\/wp-json\/wp\/v2\/media?parent=33389"}],"wp:term":[{"taxonomy":"category","embeddable":true,"href":"https:\/\/acontecenafronteira.com.br\/index.php\/wp-json\/wp\/v2\/categories?post=33389"},{"taxonomy":"post_tag","embeddable":true,"href":"https:\/\/acontecenafronteira.com.br\/index.php\/wp-json\/wp\/v2\/tags?post=33389"}],"curies":[{"name":"wp","href":"https:\/\/api.w.org\/{rel}","templated":true}]}}