{"id":33369,"date":"2026-09-01T16:37:49","date_gmt":"2026-09-01T19:37:49","guid":{"rendered":"https:\/\/acontecenafronteira.com.br\/?p=33369"},"modified":"2026-09-01T16:37:49","modified_gmt":"2026-09-01T19:37:49","slug":"novo-relatorio-da-pf-sobre-daniel-vorcaro-surpreende","status":"publish","type":"post","link":"https:\/\/acontecenafronteira.com.br\/index.php\/2026\/09\/01\/novo-relatorio-da-pf-sobre-daniel-vorcaro-surpreende\/","title":{"rendered":"Novo relat\u00f3rio da PF sobre Daniel Vorcaro surpreende"},"content":{"rendered":"<p>Um extenso documento produzido pela Pol\u00edcia Federal baseado em dados de aparelhos telef\u00f4nicos apreendidos veio a p\u00fablico recentemente, revelando informa\u00e7\u00f5es cruciais sobre investiga\u00e7\u00f5es em curso.<\/p>\n<h2>Detalhes do documento policial<\/h2>\n<p>O material completo possui 218 p\u00e1ginas e foi finalizado na \u00faltima quinta-feira, dia 27 de agosto, ap\u00f3s uma rigorosa varredura em um dos dispositivos pertencentes a Daniel Vorcaro.<\/p>\n<h2>O impacto das investiga\u00e7\u00f5es<\/h2>\n<p>Especialistas apontam que os dados extra\u00eddos deste celular podem representar apenas uma fra\u00e7\u00e3o inicial de um conjunto muito mais amplo de evid\u00eancias reunidas pelas autoridades competentes.<\/p>\n<p>Novas dilig\u00eancias devem ocorrer nos pr\u00f3ximos dias para aprofundar a an\u00e1lise do material gen\u00e9tico e digital obtido durante a opera\u00e7\u00e3o policial em andamento.<\/p>\n<p>O desdobramento dessas apura\u00e7\u00f5es promete trazer novas revela\u00e7\u00f5es sobre o caso nas pr\u00f3ximas semanas, mantendo o foco dos \u00f3rg\u00e3os de seguran\u00e7a nas movimenta\u00e7\u00f5es investigadas.<\/p>\n<p>Por Reda\u00e7\u00e3o Acontece<\/p>\n<p>Cr\u00e9ditos da imagem: Divulga\u00e7\u00e3o\/Pol\u00edcia Federal<\/p>\n","protected":false},"excerpt":{"rendered":"<p>Um extenso documento produzido pela Pol\u00edcia Federal baseado em dados de aparelhos telef\u00f4nicos apreendidos veio a p\u00fablico recentemente, revelando informa\u00e7\u00f5es cruciais sobre investiga\u00e7\u00f5es em curso. Detalhes do documento policial O material completo possui 218 p\u00e1ginas e foi finalizado na \u00faltima quinta-feira, dia 27 de agosto, ap\u00f3s uma rigorosa varredura em um dos dispositivos pertencentes a [&hellip;]<\/p>\n","protected":false},"author":0,"featured_media":33375,"comment_status":"open","ping_status":"open","sticky":false,"template":"","format":"standard","meta":{"footnotes":""},"categories":[28],"tags":[],"class_list":["post-33369","post","type-post","status-publish","format-standard","has-post-thumbnail","hentry","category-mundo"],"_links":{"self":[{"href":"https:\/\/acontecenafronteira.com.br\/index.php\/wp-json\/wp\/v2\/posts\/33369","targetHints":{"allow":["GET"]}}],"collection":[{"href":"https:\/\/acontecenafronteira.com.br\/index.php\/wp-json\/wp\/v2\/posts"}],"about":[{"href":"https:\/\/acontecenafronteira.com.br\/index.php\/wp-json\/wp\/v2\/types\/post"}],"replies":[{"embeddable":true,"href":"https:\/\/acontecenafronteira.com.br\/index.php\/wp-json\/wp\/v2\/comments?post=33369"}],"version-history":[{"count":1,"href":"https:\/\/acontecenafronteira.com.br\/index.php\/wp-json\/wp\/v2\/posts\/33369\/revisions"}],"predecessor-version":[{"id":33374,"href":"https:\/\/acontecenafronteira.com.br\/index.php\/wp-json\/wp\/v2\/posts\/33369\/revisions\/33374"}],"wp:featuredmedia":[{"embeddable":true,"href":"https:\/\/acontecenafronteira.com.br\/index.php\/wp-json\/wp\/v2\/media\/33375"}],"wp:attachment":[{"href":"https:\/\/acontecenafronteira.com.br\/index.php\/wp-json\/wp\/v2\/media?parent=33369"}],"wp:term":[{"taxonomy":"category","embeddable":true,"href":"https:\/\/acontecenafronteira.com.br\/index.php\/wp-json\/wp\/v2\/categories?post=33369"},{"taxonomy":"post_tag","embeddable":true,"href":"https:\/\/acontecenafronteira.com.br\/index.php\/wp-json\/wp\/v2\/tags?post=33369"}],"curies":[{"name":"wp","href":"https:\/\/api.w.org\/{rel}","templated":true}]}}