{"id":33358,"date":"2026-09-01T16:37:35","date_gmt":"2026-09-01T19:37:35","guid":{"rendered":"https:\/\/acontecenafronteira.com.br\/?p=33358"},"modified":"2026-09-01T16:37:35","modified_gmt":"2026-09-01T19:37:35","slug":"caso-vorcaro-banqueiro-consultou-stf-antes-de-prisao","status":"publish","type":"post","link":"https:\/\/acontecenafronteira.com.br\/index.php\/2026\/09\/01\/caso-vorcaro-banqueiro-consultou-stf-antes-de-prisao\/","title":{"rendered":"Caso Vorcaro: banqueiro consultou STF antes de pris\u00e3o"},"content":{"rendered":"<p>O banqueiro Daniel Vorcaro, respons\u00e1vel pela funda\u00e7\u00e3o do Banco Master, fez uma consulta direta ao ministro Alexandre de Moraes, do Supremo Tribunal Federal (STF), sobre a possibilidade de sair do Brasil apenas 48 horas antes de ser alvo de uma opera\u00e7\u00e3o de pris\u00e3o da Pol\u00edcia Federal.<\/p>\n<h2>Os bastidores da consulta ao STF<\/h2>\n<p>A atitude do executivo surpreendeu os investigadores e movimentou o cen\u00e1rio pol\u00edtico e financeiro nacional. A tentativa de antecipar os passos da Justi\u00e7a revela o n\u00edvel de tens\u00e3o vivido pela c\u00fapula da institui\u00e7\u00e3o financeira momentos antes da deflagra\u00e7\u00e3o das medidas cautelares.<\/p>\n<h2>Investiga\u00e7\u00e3o e desdobramentos<\/h2>\n<p>A opera\u00e7\u00e3o policial que culminou na ordem de pris\u00e3o contra o fundador do Banco Master segue sob sigilo em inst\u00e2ncias superiores da Justi\u00e7a. Os detalhes sobre a resposta obtida pelo banqueiro e os reflexos dessa abordagem no curso das investiga\u00e7\u00f5es continuam sendo apurados pelas autoridades competentes.<\/p>\n<p>Por Reda\u00e7\u00e3o Acontece<\/p>\n<p>Cr\u00e9ditos da imagem: Divulga\u00e7\u00e3o \/ STF<\/p>\n","protected":false},"excerpt":{"rendered":"<p>O banqueiro Daniel Vorcaro, respons\u00e1vel pela funda\u00e7\u00e3o do Banco Master, fez uma consulta direta ao ministro Alexandre de Moraes, do Supremo Tribunal Federal (STF), sobre a possibilidade de sair do Brasil apenas 48 horas antes de ser alvo de uma opera\u00e7\u00e3o de pris\u00e3o da Pol\u00edcia Federal. Os bastidores da consulta ao STF A atitude do [&hellip;]<\/p>\n","protected":false},"author":0,"featured_media":33364,"comment_status":"open","ping_status":"open","sticky":false,"template":"","format":"standard","meta":{"footnotes":""},"categories":[18],"tags":[],"class_list":["post-33358","post","type-post","status-publish","format-standard","has-post-thumbnail","hentry","category-parana"],"_links":{"self":[{"href":"https:\/\/acontecenafronteira.com.br\/index.php\/wp-json\/wp\/v2\/posts\/33358","targetHints":{"allow":["GET"]}}],"collection":[{"href":"https:\/\/acontecenafronteira.com.br\/index.php\/wp-json\/wp\/v2\/posts"}],"about":[{"href":"https:\/\/acontecenafronteira.com.br\/index.php\/wp-json\/wp\/v2\/types\/post"}],"replies":[{"embeddable":true,"href":"https:\/\/acontecenafronteira.com.br\/index.php\/wp-json\/wp\/v2\/comments?post=33358"}],"version-history":[{"count":1,"href":"https:\/\/acontecenafronteira.com.br\/index.php\/wp-json\/wp\/v2\/posts\/33358\/revisions"}],"predecessor-version":[{"id":33363,"href":"https:\/\/acontecenafronteira.com.br\/index.php\/wp-json\/wp\/v2\/posts\/33358\/revisions\/33363"}],"wp:featuredmedia":[{"embeddable":true,"href":"https:\/\/acontecenafronteira.com.br\/index.php\/wp-json\/wp\/v2\/media\/33364"}],"wp:attachment":[{"href":"https:\/\/acontecenafronteira.com.br\/index.php\/wp-json\/wp\/v2\/media?parent=33358"}],"wp:term":[{"taxonomy":"category","embeddable":true,"href":"https:\/\/acontecenafronteira.com.br\/index.php\/wp-json\/wp\/v2\/categories?post=33358"},{"taxonomy":"post_tag","embeddable":true,"href":"https:\/\/acontecenafronteira.com.br\/index.php\/wp-json\/wp\/v2\/tags?post=33358"}],"curies":[{"name":"wp","href":"https:\/\/api.w.org\/{rel}","templated":true}]}}