{"id":33347,"date":"2026-09-01T16:36:30","date_gmt":"2026-09-01T19:36:30","guid":{"rendered":"https:\/\/acontecenafronteira.com.br\/?p=33347"},"modified":"2026-09-01T16:36:30","modified_gmt":"2026-09-01T19:36:30","slug":"expointer-2026-recebe-conferencia-mentes-brilhantes-agro","status":"publish","type":"post","link":"https:\/\/acontecenafronteira.com.br\/index.php\/2026\/09\/01\/expointer-2026-recebe-conferencia-mentes-brilhantes-agro\/","title":{"rendered":"Expointer 2026 recebe Confer\u00eancia Mentes Brilhantes Agro"},"content":{"rendered":"<p>O agroneg\u00f3cio do Rio Grande do Sul se prepara para debater o futuro da produ\u00e7\u00e3o rural durante a Confer\u00eancia Mentes Brilhantes | Especial Agro, marcada para o dia 1\u00ba de setembro de 2026. O evento ocorre das 15h \u00e0s 19h no rec\u00e9m-criado <strong>ExpoMentes<\/strong>, novo centro de inova\u00e7\u00e3o, neg\u00f3cios e eventos situado em Esteio, integrando a programa\u00e7\u00e3o oficial da <strong>Expointer 2026<\/strong>.<\/p>\n<h2>Inova\u00e7\u00e3o e oportunidades no campo<\/h2>\n<p>Com o lema \u201co futuro do agro passa por aqui\u201d, o encontro re\u00fane executivos, l\u00edderes empresariais e startups. O objetivo principal \u00e9 conectar o setor produtivo a novas fontes de capital, intelig\u00eancia artificial e solu\u00e7\u00f5es tecnol\u00f3gicas avan\u00e7adas, promovendo um ambiente prop\u00edcio para o networking qualificado.<\/p>\n<h2>Programa\u00e7\u00e3o e debates estrat\u00e9gicos<\/h2>\n<p>A abertura oficial est\u00e1 marcada para as 15h, conduzida pelos organizadores do <strong>Grupo Mentes Brilhantes<\/strong>. Logo depois, o primeiro painel aborda a cria\u00e7\u00e3o do novo polo de inova\u00e7\u00e3o na cidade, contando com a participa\u00e7\u00e3o de M\u00e1rcio Oliveira (CEO da Mentes Brilhantes), Francisco Alves (Secret\u00e1rio de Desenvolvimento Econ\u00f4mico e Meio Ambiente de Esteio) e Willyan Musicanty (Musicanty Contabilidade).<\/p>\n<h3>Caminhos para o desenvolvimento rural<\/h3>\n<p>A partir das 16h10, o centro das aten\u00e7\u00f5es se volta para o ecossistema de inova\u00e7\u00e3o aplicado \u00e0 agricultura. Participam deste debate Luiz Humberto Villwock, do Celeiro AgFood Hub da Tecnopuc, e Luiz Carlos Pinto, Secret\u00e1rio de Inova\u00e7\u00e3o de Porto Alegre, discutindo novas rotas para a economia do campo.<\/p>\n<p>As discuss\u00f5es sobre investimentos avan\u00e7am \u00e0s 17h05 com o painel voltado para tecnologia e capital. O bloco traz Guilherme Kudiess, da <strong>Ventiur AgTech<\/strong>, e destaca a atua\u00e7\u00e3o da <strong>Prediza<\/strong>, startup focada em agricultura preditiva que utiliza intelig\u00eancia artificial, IoT e an\u00e1lise de dados para mitigar riscos e elevar a produtividade agr\u00edcola.<\/p>\n<p>O encerramento oficial ocorre \u00e0s 18h com um painel focado em transforma\u00e7\u00e3o digital e conectividade. Sob a media\u00e7\u00e3o de Nilo Teixeira, vice-presidente do <strong>LIDE Rio Grande do Sul<\/strong>, o debate re\u00fane nomes de peso como Jozilene Soares Camargo (Claro), Robinson Oscar Klein (CIGAM by Senior), Jhonatan Ventorini (AYGA Tecnologia) e Marcelo Castiglia Pereira (Dell Technologies).<\/p>\n<p>Reunindo gigantes da tecnologia e especialistas do setor, o evento se consolida como um marco estrat\u00e9gico para compreender como a moderniza\u00e7\u00e3o digital est\u00e1 redefinindo a rentabilidade e a gest\u00e3o no agroneg\u00f3cio ga\u00facho.<\/p>\n<p>Por Reda\u00e7\u00e3o Acontece<\/p>\n<p>Foto: Divulga\u00e7\u00e3o \/ Expointer 2026<\/p>\n","protected":false},"excerpt":{"rendered":"<p>O agroneg\u00f3cio do Rio Grande do Sul se prepara para debater o futuro da produ\u00e7\u00e3o rural durante a Confer\u00eancia Mentes Brilhantes | Especial Agro, marcada para o dia 1\u00ba de setembro de 2026. O evento ocorre das 15h \u00e0s 19h no rec\u00e9m-criado ExpoMentes, novo centro de inova\u00e7\u00e3o, neg\u00f3cios e eventos situado em Esteio, integrando a [&hellip;]<\/p>\n","protected":false},"author":0,"featured_media":33352,"comment_status":"open","ping_status":"open","sticky":false,"template":"","format":"standard","meta":{"footnotes":""},"categories":[18],"tags":[],"class_list":["post-33347","post","type-post","status-publish","format-standard","has-post-thumbnail","hentry","category-parana"],"_links":{"self":[{"href":"https:\/\/acontecenafronteira.com.br\/index.php\/wp-json\/wp\/v2\/posts\/33347","targetHints":{"allow":["GET"]}}],"collection":[{"href":"https:\/\/acontecenafronteira.com.br\/index.php\/wp-json\/wp\/v2\/posts"}],"about":[{"href":"https:\/\/acontecenafronteira.com.br\/index.php\/wp-json\/wp\/v2\/types\/post"}],"replies":[{"embeddable":true,"href":"https:\/\/acontecenafronteira.com.br\/index.php\/wp-json\/wp\/v2\/comments?post=33347"}],"version-history":[{"count":1,"href":"https:\/\/acontecenafronteira.com.br\/index.php\/wp-json\/wp\/v2\/posts\/33347\/revisions"}],"predecessor-version":[{"id":33351,"href":"https:\/\/acontecenafronteira.com.br\/index.php\/wp-json\/wp\/v2\/posts\/33347\/revisions\/33351"}],"wp:featuredmedia":[{"embeddable":true,"href":"https:\/\/acontecenafronteira.com.br\/index.php\/wp-json\/wp\/v2\/media\/33352"}],"wp:attachment":[{"href":"https:\/\/acontecenafronteira.com.br\/index.php\/wp-json\/wp\/v2\/media?parent=33347"}],"wp:term":[{"taxonomy":"category","embeddable":true,"href":"https:\/\/acontecenafronteira.com.br\/index.php\/wp-json\/wp\/v2\/categories?post=33347"},{"taxonomy":"post_tag","embeddable":true,"href":"https:\/\/acontecenafronteira.com.br\/index.php\/wp-json\/wp\/v2\/tags?post=33347"}],"curies":[{"name":"wp","href":"https:\/\/api.w.org\/{rel}","templated":true}]}}