{"id":33338,"date":"2026-09-01T16:36:18","date_gmt":"2026-09-01T19:36:18","guid":{"rendered":"https:\/\/acontecenafronteira.com.br\/?p=33338"},"modified":"2026-09-01T16:36:18","modified_gmt":"2026-09-01T19:36:18","slug":"preco-do-gas-de-cozinha-sobe-ate-r-9-no-parana","status":"publish","type":"post","link":"https:\/\/acontecenafronteira.com.br\/index.php\/2026\/09\/01\/preco-do-gas-de-cozinha-sobe-ate-r-9-no-parana\/","title":{"rendered":"Pre\u00e7o do g\u00e1s de cozinha sobe at\u00e9 R$ 9 no Paran\u00e1"},"content":{"rendered":"<p>O botij\u00e3o de <strong>g\u00e1s de cozinha<\/strong> de 13 kg sofreu um reajuste que pode chegar a R$ 9 no Paran\u00e1, com novos valores v\u00e1lidos a partir desta ter\u00e7a-feira (1).<\/p>\n<h2>Motivos do reajuste no estado<\/h2>\n<p>Segundo informa\u00e7\u00f5es divulgadas pelo Sindicato dos Revendedores das Distribuidoras de G\u00e1s do Estado do Paran\u00e1 (Sinreg\u00e1s), o encarecimento do produto decorre de m\u00faltiplos fatores econ\u00f4micos. Entre eles est\u00e3o a recente negocia\u00e7\u00e3o da Conven\u00e7\u00e3o Coletiva de Trabalho do Com\u00e9rcio Varejista e Atacadista e os novos reajustes aplicados pelas companhias engarrafadoras. Al\u00e9m disso, pesaram na composi\u00e7\u00e3o final os custos operacionais crescentes, que englobam despesas com combust\u00edveis, manuten\u00e7\u00e3o de frotas, ap\u00f3lices de seguro e obriga\u00e7\u00f5es regulat\u00f3rias do setor.<\/p>\n<h2>Panorama de pre\u00e7os e m\u00e9dias estaduais<\/h2>\n<p>Dados levantados pela Ag\u00eancia Nacional do Petr\u00f3leo, G\u00e1s Natural e Biocombust\u00edveis (ANP) at\u00e9 o \u00faltimo s\u00e1bado (29) apontavam que o <strong>pre\u00e7o m\u00e9dio<\/strong> do botij\u00e3o no estado estava fixado em R$ 111,52. No entanto, o cen\u00e1rio varia consideravelmente entre os munic\u00edpios paranaenses. O valor mais elevado foi encontrado em Pato Branco, na regi\u00e3o sudoeste, onde o item era comercializado a R$ 130,31. Em contrapartida, S\u00e3o Jos\u00e9 dos Pinhais, na Regi\u00e3o Metropolitana de Curitiba, apresentou a menor tarifa do estado, com unidades vendidas a R$ 101,43. Na capital paranaense, a proje\u00e7\u00e3o \u00e9 de que a m\u00e9dia fique oscilando entre R$ 115,13 e R$ 116,63.<\/p>\n<h2>Impacto estimado por tipo de recipiente<\/h2>\n<p>Considerando a m\u00e9dia dos custos apurados em territ\u00f3rio paranaense, a proje\u00e7\u00e3o de impacto financeiro por unidade varia conforme o tamanho do vasilhame. Para o botij\u00e3o P13, o acr\u00e9scimo estimado fica entre R$ 7,50 e R$ 9,00. No caso do modelo P20, a alta projetada oscila de R$ 11,50 a R$ 13,80. J\u00e1 para os recipientes maiores de P45, o impacto calculado varia de R$ 25,96 a R$ 31,15. O Sinreg\u00e1s refor\u00e7a que estes n\u00fameros refletem m\u00e9dias do setor e servem apenas como refer\u00eancia, ressaltando que cada estabelecimento possui autonomia para definir seus pre\u00e7os com base em suas particularidades operacionais.<\/p>\n<p>Por Reda\u00e7\u00e3o Acontece<\/p>\n<p>TV TEM\/Reprodu\u00e7\u00e3o<\/p>\n","protected":false},"excerpt":{"rendered":"<p>O botij\u00e3o de g\u00e1s de cozinha de 13 kg sofreu um reajuste que pode chegar a R$ 9 no Paran\u00e1, com novos valores v\u00e1lidos a partir desta ter\u00e7a-feira (1). Motivos do reajuste no estado Segundo informa\u00e7\u00f5es divulgadas pelo Sindicato dos Revendedores das Distribuidoras de G\u00e1s do Estado do Paran\u00e1 (Sinreg\u00e1s), o encarecimento do produto decorre [&hellip;]<\/p>\n","protected":false},"author":0,"featured_media":33344,"comment_status":"open","ping_status":"open","sticky":false,"template":"","format":"standard","meta":{"footnotes":""},"categories":[18],"tags":[],"class_list":["post-33338","post","type-post","status-publish","format-standard","has-post-thumbnail","hentry","category-parana"],"_links":{"self":[{"href":"https:\/\/acontecenafronteira.com.br\/index.php\/wp-json\/wp\/v2\/posts\/33338","targetHints":{"allow":["GET"]}}],"collection":[{"href":"https:\/\/acontecenafronteira.com.br\/index.php\/wp-json\/wp\/v2\/posts"}],"about":[{"href":"https:\/\/acontecenafronteira.com.br\/index.php\/wp-json\/wp\/v2\/types\/post"}],"replies":[{"embeddable":true,"href":"https:\/\/acontecenafronteira.com.br\/index.php\/wp-json\/wp\/v2\/comments?post=33338"}],"version-history":[{"count":1,"href":"https:\/\/acontecenafronteira.com.br\/index.php\/wp-json\/wp\/v2\/posts\/33338\/revisions"}],"predecessor-version":[{"id":33343,"href":"https:\/\/acontecenafronteira.com.br\/index.php\/wp-json\/wp\/v2\/posts\/33338\/revisions\/33343"}],"wp:featuredmedia":[{"embeddable":true,"href":"https:\/\/acontecenafronteira.com.br\/index.php\/wp-json\/wp\/v2\/media\/33344"}],"wp:attachment":[{"href":"https:\/\/acontecenafronteira.com.br\/index.php\/wp-json\/wp\/v2\/media?parent=33338"}],"wp:term":[{"taxonomy":"category","embeddable":true,"href":"https:\/\/acontecenafronteira.com.br\/index.php\/wp-json\/wp\/v2\/categories?post=33338"},{"taxonomy":"post_tag","embeddable":true,"href":"https:\/\/acontecenafronteira.com.br\/index.php\/wp-json\/wp\/v2\/tags?post=33338"}],"curies":[{"name":"wp","href":"https:\/\/api.w.org\/{rel}","templated":true}]}}