{"id":33337,"date":"2026-09-01T16:36:13","date_gmt":"2026-09-01T19:36:13","guid":{"rendered":"https:\/\/acontecenafronteira.com.br\/?p=33337"},"modified":"2026-09-01T16:36:13","modified_gmt":"2026-09-01T19:36:13","slug":"gleisi-hoffmann-defende-impeachment-de-ministros-do-stf-com-crime","status":"publish","type":"post","link":"https:\/\/acontecenafronteira.com.br\/index.php\/2026\/09\/01\/gleisi-hoffmann-defende-impeachment-de-ministros-do-stf-com-crime\/","title":{"rendered":"Gleisi Hoffmann defende impeachment de ministros do STF com crime"},"content":{"rendered":"<p>Gleisi Hoffmann defende impeachment de ministros do STF com crime Candidata ao Senado pelo Paran\u00e1, Gleisi Hoffmann afirma ver naturalidade no julgamento de ministros do STF e aborda temas pol\u00eamicos em entrevista. A candidata ao Senado pelo Paran\u00e1 Gleisi Hoffmann declarou ser favor\u00e1vel \u00e0 instaura\u00e7\u00e3o de processos de impeachment contra ministros do Supremo Tribunal Federal caso existam irregularidades comprovadas que justifiquem a medida. <\/p>\n<h2>Posicionamento sobre o Supremo<\/h2>\n<p> Durante entrevista concedida a uma emissora de TV local nesta ter\u00e7a-feira (1), a representante do Partido dos Trabalhadores pontuou que avaliar e julgar magistrados da corte m\u00e1xima integra as atribui\u00e7\u00f5es constitucionais do Senado Federal. Segundo ela, a possibilidade de um processo desse tipo n\u00e3o representa nenhum tabu, desde que haja fundamenta\u00e7\u00e3o legal e ind\u00edcios de crime. <\/p>\n<h2>Temas abordados na entrevista<\/h2>\n<p> Al\u00e9m do judici\u00e1rio, a sabatina passou por diversos assuntos de relev\u00e2ncia nacional, incluindo investiga\u00e7\u00f5es de corrup\u00e7\u00e3o, fraudes no INSS, foro privilegiado, jornada de trabalho e o setor agropecu\u00e1rio. Questionada sobre o hist\u00f3rico de esc\u00e2ndalos envolvendo sua sigla, a postulante ao cargo legislativo argumentou que os casos foram devidamente esclarecidos e julgados, enfatizando que o eleitorado demonstrou confian\u00e7a nas urnas ao eleger o partido em cinco ocasi\u00f5es para a presid\u00eancia da rep\u00fablica. Ela tamb\u00e9m defendeu que todas as den\u00fancias atuais sejam investigadas com rigor, alcan\u00e7ando inclusive os filhos de autoridades e membros de diferentes correntes pol\u00edticas. <\/p>\n<h2>Previd\u00eancia e jornada de trabalho<\/h2>\n<p> O esquema de descontos indevidos em benef\u00edcios de aposentados e pensionistas tamb\u00e9m entrou na pauta. A candidata atribuiu a origem da fraude a gest\u00f5es anteriores, ressaltando que o governo atual promoveu afastamentos e garantiu a restitui\u00e7\u00e3o dos valores descontados aos segurados. No que tange \u00e0 proposta de fim da jornada no formato 6&#215;1, a petista manifestou apoio \u00e0 altera\u00e7\u00e3o, destacando o al\u00edvio que a medida traria para as mulheres que acumulam m\u00faltiplas jornadas di\u00e1rias, embora tenha ponderado a necessidade de prote\u00e7\u00e3o \u00e0s microempresas. <\/p>\n<h2>Agropecu\u00e1ria e seguran\u00e7a vi\u00e1ria<\/h2>\n<p> Sobre o setor produtivo, a defesa foi pela suspens\u00e3o da exporta\u00e7\u00e3o de animais vivos para abate, incentivando a comercializa\u00e7\u00e3o de carne processada no estado paranaense para impulsionar a gera\u00e7\u00e3o de empregos locais. No tr\u00e2nsito das rodovias federais, a sugest\u00e3o envolveu maior rigor na fiscaliza\u00e7\u00e3o de cargas e revis\u00e3o das leis de tr\u00e2nsito. Por fim, a sabatina abordou o combate \u00e0 viol\u00eancia contra a mulher, com propostas para agilizar a emiss\u00e3o de medidas protetivas em at\u00e9 um dia, e o uso de monitoramento eletr\u00f4nico para agressores. Por Reda\u00e7\u00e3o Acontece Vit\u00f3ria Smarci\/RPC<\/p>\n","protected":false},"excerpt":{"rendered":"<p>Gleisi Hoffmann defende impeachment de ministros do STF com crime Candidata ao Senado pelo Paran\u00e1, Gleisi Hoffmann afirma ver naturalidade no julgamento de ministros do STF e aborda temas pol\u00eamicos em entrevista. A candidata ao Senado pelo Paran\u00e1 Gleisi Hoffmann declarou ser favor\u00e1vel \u00e0 instaura\u00e7\u00e3o de processos de impeachment contra ministros do Supremo Tribunal Federal [&hellip;]<\/p>\n","protected":false},"author":0,"featured_media":33342,"comment_status":"open","ping_status":"open","sticky":false,"template":"","format":"standard","meta":{"footnotes":""},"categories":[18],"tags":[],"class_list":["post-33337","post","type-post","status-publish","format-standard","has-post-thumbnail","hentry","category-parana"],"_links":{"self":[{"href":"https:\/\/acontecenafronteira.com.br\/index.php\/wp-json\/wp\/v2\/posts\/33337","targetHints":{"allow":["GET"]}}],"collection":[{"href":"https:\/\/acontecenafronteira.com.br\/index.php\/wp-json\/wp\/v2\/posts"}],"about":[{"href":"https:\/\/acontecenafronteira.com.br\/index.php\/wp-json\/wp\/v2\/types\/post"}],"replies":[{"embeddable":true,"href":"https:\/\/acontecenafronteira.com.br\/index.php\/wp-json\/wp\/v2\/comments?post=33337"}],"version-history":[{"count":1,"href":"https:\/\/acontecenafronteira.com.br\/index.php\/wp-json\/wp\/v2\/posts\/33337\/revisions"}],"predecessor-version":[{"id":33341,"href":"https:\/\/acontecenafronteira.com.br\/index.php\/wp-json\/wp\/v2\/posts\/33337\/revisions\/33341"}],"wp:featuredmedia":[{"embeddable":true,"href":"https:\/\/acontecenafronteira.com.br\/index.php\/wp-json\/wp\/v2\/media\/33342"}],"wp:attachment":[{"href":"https:\/\/acontecenafronteira.com.br\/index.php\/wp-json\/wp\/v2\/media?parent=33337"}],"wp:term":[{"taxonomy":"category","embeddable":true,"href":"https:\/\/acontecenafronteira.com.br\/index.php\/wp-json\/wp\/v2\/categories?post=33337"},{"taxonomy":"post_tag","embeddable":true,"href":"https:\/\/acontecenafronteira.com.br\/index.php\/wp-json\/wp\/v2\/tags?post=33337"}],"curies":[{"name":"wp","href":"https:\/\/api.w.org\/{rel}","templated":true}]}}