{"id":33333,"date":"2026-09-01T16:36:03","date_gmt":"2026-09-01T19:36:03","guid":{"rendered":"https:\/\/acontecenafronteira.com.br\/?p=33333"},"modified":"2026-09-01T16:36:03","modified_gmt":"2026-09-01T19:36:03","slug":"nissei-troca-eletronicos-antigos-por-novidades-em-campanha","status":"publish","type":"post","link":"https:\/\/acontecenafronteira.com.br\/index.php\/2026\/09\/01\/nissei-troca-eletronicos-antigos-por-novidades-em-campanha\/","title":{"rendered":"Nissei troca eletr\u00f4nicos antigos por novidades em campanha"},"content":{"rendered":"<p>A renomada rede de tecnologia Nissei deu in\u00edcio \u00e0 campanha institucional &#8220;Tecnologia que une gera\u00e7\u00f5es&#8221;, uma iniciativa voltada a resgatar mem\u00f3rias afetivas por meio de eletr\u00f4nicos anal\u00f3gicos e retr\u00f4s, oferecendo modelos de \u00faltima gera\u00e7\u00e3o como premia\u00e7\u00e3o.<\/p>\n<p>H2 Resgate hist\u00f3rico e inova\u00e7\u00e3o<\/p>\n<p>O novo comercial da empresa destaca a trajet\u00f3ria da marca ao longo dos anos, evidenciando como os dispositivos eletr\u00f4nicos conseguem unir pais, filhos e av\u00f3s atrav\u00e9s da nostalgia e da modernidade.<\/p>\n<p>H3 Como participar da premia\u00e7\u00e3o<\/p>\n<p>A a\u00e7\u00e3o convivitiva do p\u00fablico convida os consumidores a desempoeirarem seus antigos aparelhos para concorrer a atualiza\u00e7\u00f5es tecnol\u00f3gicas de alto padr\u00e3o na famosa refer\u00eancia em eletr\u00f4nicos do Paraguai.<\/p>\n<p>A proposta central \u00e9 mostrar que a evolu\u00e7\u00e3o digital caminha lado a lado com a hist\u00f3ria pessoal de cada cliente, transformando rel\u00edquias do passado em ferramentas atuais de comunica\u00e7\u00e3o e entretenimento.<\/p>\n<p>Por Reda\u00e7\u00e3o Acontece<\/p>\n<p>Cr\u00e9ditos da imagem: Divulga\u00e7\u00e3o\/Nissei<\/p>\n","protected":false},"excerpt":{"rendered":"<p>A renomada rede de tecnologia Nissei deu in\u00edcio \u00e0 campanha institucional &#8220;Tecnologia que une gera\u00e7\u00f5es&#8221;, uma iniciativa voltada a resgatar mem\u00f3rias afetivas por meio de eletr\u00f4nicos anal\u00f3gicos e retr\u00f4s, oferecendo modelos de \u00faltima gera\u00e7\u00e3o como premia\u00e7\u00e3o. H2 Resgate hist\u00f3rico e inova\u00e7\u00e3o O novo comercial da empresa destaca a trajet\u00f3ria da marca ao longo dos anos, [&hellip;]<\/p>\n","protected":false},"author":0,"featured_media":33335,"comment_status":"open","ping_status":"open","sticky":false,"template":"","format":"standard","meta":{"footnotes":""},"categories":[4],"tags":[],"class_list":["post-33333","post","type-post","status-publish","format-standard","has-post-thumbnail","hentry","category-cidade"],"_links":{"self":[{"href":"https:\/\/acontecenafronteira.com.br\/index.php\/wp-json\/wp\/v2\/posts\/33333","targetHints":{"allow":["GET"]}}],"collection":[{"href":"https:\/\/acontecenafronteira.com.br\/index.php\/wp-json\/wp\/v2\/posts"}],"about":[{"href":"https:\/\/acontecenafronteira.com.br\/index.php\/wp-json\/wp\/v2\/types\/post"}],"replies":[{"embeddable":true,"href":"https:\/\/acontecenafronteira.com.br\/index.php\/wp-json\/wp\/v2\/comments?post=33333"}],"version-history":[{"count":1,"href":"https:\/\/acontecenafronteira.com.br\/index.php\/wp-json\/wp\/v2\/posts\/33333\/revisions"}],"predecessor-version":[{"id":33334,"href":"https:\/\/acontecenafronteira.com.br\/index.php\/wp-json\/wp\/v2\/posts\/33333\/revisions\/33334"}],"wp:featuredmedia":[{"embeddable":true,"href":"https:\/\/acontecenafronteira.com.br\/index.php\/wp-json\/wp\/v2\/media\/33335"}],"wp:attachment":[{"href":"https:\/\/acontecenafronteira.com.br\/index.php\/wp-json\/wp\/v2\/media?parent=33333"}],"wp:term":[{"taxonomy":"category","embeddable":true,"href":"https:\/\/acontecenafronteira.com.br\/index.php\/wp-json\/wp\/v2\/categories?post=33333"},{"taxonomy":"post_tag","embeddable":true,"href":"https:\/\/acontecenafronteira.com.br\/index.php\/wp-json\/wp\/v2\/tags?post=33333"}],"curies":[{"name":"wp","href":"https:\/\/api.w.org\/{rel}","templated":true}]}}