{"id":33322,"date":"2026-09-01T15:37:36","date_gmt":"2026-09-01T18:37:36","guid":{"rendered":"https:\/\/acontecenafronteira.com.br\/?p=33322"},"modified":"2026-09-01T15:37:36","modified_gmt":"2026-09-01T18:37:36","slug":"bem-estar-impulsiona-alta-da-lirius-suplementos-no-brasil","status":"publish","type":"post","link":"https:\/\/acontecenafronteira.com.br\/index.php\/2026\/09\/01\/bem-estar-impulsiona-alta-da-lirius-suplementos-no-brasil\/","title":{"rendered":"Bem-estar impulsiona alta da Lirius Suplementos no Brasil"},"content":{"rendered":"<p>Pesquisa recente revela que a grande maioria dos brasileiros colocou a sa\u00fade como prioridade, criando um cen\u00e1rio altamente favor\u00e1vel para marcas focadas em qualidade de vida.<\/p>\n<h2>A nova prioridade dos brasileiros<\/h2>\n<p>Uma sondagem realizada pelo instituto Hibou revelou que 72% dos cidad\u00e3os do pa\u00eds priorizam o bem-estar, enquanto 68% buscam integrar corpo e mente na rotina. Esse comportamento reflete uma transforma\u00e7\u00e3o profunda nos h\u00e1bitos da sociedade.<\/p>\n<p>O consumo de suplementos alimentares j\u00e1 atinge quase 60% dos lares no territ\u00f3rio nacional, conforme dados da ind\u00fastria especializada.<\/p>\n<h2>O avan\u00e7o do mercado nacional<\/h2>\n<p>Com um movimento avaliado em 96 bilh\u00f5es de d\u00f3lares, o setor brasileiro de bem-estar ocupa a 12\u00aa coloca\u00e7\u00e3o no ranking mundial, impulsionado principalmente por cuidados pessoais e alimenta\u00e7\u00e3o saud\u00e1vel.<\/p>\n<p>Fundada em S\u00e3o Paulo, a <strong>Lirius Suplementos<\/strong> destaca-se nesse cen\u00e1rio ao direcionar seus produtos para o cotidiano, indo al\u00e9m do p\u00fablico estritamente esportivo e focado em alta performance.<\/p>\n<h2>Praticidade e novos formatos<\/h2>\n<p>A prefer\u00eancia por gomas e c\u00e1psulas pr\u00e1ticas facilitou a entrada de novos consumidores no universo da suplementa\u00e7\u00e3o di\u00e1ria.<\/p>\n<p>Essa facilidade aproxima os itens de autocuidado da rotina comum, como o consumo matinal de vitaminas.<\/p>\n<p>A busca por qualidade de vida consolidou-se como um comportamento definitivo na sociedade, abrindo portas para companhias que entendem as necessidades do p\u00fablico atual.<\/p>\n<p>Por Reda\u00e7\u00e3o Acontece<\/p>\n<p>Cr\u00e9ditos da imagem: Divulga\u00e7\u00e3o<\/p>\n","protected":false},"excerpt":{"rendered":"<p>Pesquisa recente revela que a grande maioria dos brasileiros colocou a sa\u00fade como prioridade, criando um cen\u00e1rio altamente favor\u00e1vel para marcas focadas em qualidade de vida. A nova prioridade dos brasileiros Uma sondagem realizada pelo instituto Hibou revelou que 72% dos cidad\u00e3os do pa\u00eds priorizam o bem-estar, enquanto 68% buscam integrar corpo e mente na [&hellip;]<\/p>\n","protected":false},"author":0,"featured_media":33328,"comment_status":"open","ping_status":"open","sticky":false,"template":"","format":"standard","meta":{"footnotes":""},"categories":[28],"tags":[],"class_list":["post-33322","post","type-post","status-publish","format-standard","has-post-thumbnail","hentry","category-mundo"],"_links":{"self":[{"href":"https:\/\/acontecenafronteira.com.br\/index.php\/wp-json\/wp\/v2\/posts\/33322","targetHints":{"allow":["GET"]}}],"collection":[{"href":"https:\/\/acontecenafronteira.com.br\/index.php\/wp-json\/wp\/v2\/posts"}],"about":[{"href":"https:\/\/acontecenafronteira.com.br\/index.php\/wp-json\/wp\/v2\/types\/post"}],"replies":[{"embeddable":true,"href":"https:\/\/acontecenafronteira.com.br\/index.php\/wp-json\/wp\/v2\/comments?post=33322"}],"version-history":[{"count":1,"href":"https:\/\/acontecenafronteira.com.br\/index.php\/wp-json\/wp\/v2\/posts\/33322\/revisions"}],"predecessor-version":[{"id":33327,"href":"https:\/\/acontecenafronteira.com.br\/index.php\/wp-json\/wp\/v2\/posts\/33322\/revisions\/33327"}],"wp:featuredmedia":[{"embeddable":true,"href":"https:\/\/acontecenafronteira.com.br\/index.php\/wp-json\/wp\/v2\/media\/33328"}],"wp:attachment":[{"href":"https:\/\/acontecenafronteira.com.br\/index.php\/wp-json\/wp\/v2\/media?parent=33322"}],"wp:term":[{"taxonomy":"category","embeddable":true,"href":"https:\/\/acontecenafronteira.com.br\/index.php\/wp-json\/wp\/v2\/categories?post=33322"},{"taxonomy":"post_tag","embeddable":true,"href":"https:\/\/acontecenafronteira.com.br\/index.php\/wp-json\/wp\/v2\/tags?post=33322"}],"curies":[{"name":"wp","href":"https:\/\/api.w.org\/{rel}","templated":true}]}}