{"id":33321,"date":"2026-09-01T15:37:32","date_gmt":"2026-09-01T18:37:32","guid":{"rendered":"https:\/\/acontecenafronteira.com.br\/?p=33321"},"modified":"2026-09-01T15:37:32","modified_gmt":"2026-09-01T18:37:32","slug":"bruna-marquezine-e-shawn-mendes-entregam-refeicoes-no-rj","status":"publish","type":"post","link":"https:\/\/acontecenafronteira.com.br\/index.php\/2026\/09\/01\/bruna-marquezine-e-shawn-mendes-entregam-refeicoes-no-rj\/","title":{"rendered":"Bruna Marquezine e Shawn Mendes entregam refei\u00e7\u00f5es no RJ"},"content":{"rendered":"<p>Na \u00faltima segunda-feira (31), a atriz <b>Bruna Marquezine<\/b> e o cantor <b>Shawn Mendes<\/b> surpreenderam o p\u00fablico ao participarem de uma iniciativa solid\u00e1ria nas ruas do Rio de Janeiro. A dupla integrou o grupo de volunt\u00e1rios do projeto beneficente <b>Macarr\u00e3o com Salsicha<\/b>, que atua no aux\u00edlio a popula\u00e7\u00f5es vulner\u00e1veis.<\/p>\n<h2>Milhares de refei\u00e7\u00f5es distribu\u00eddas<\/h2>\n<p>Durante a a\u00e7\u00e3o social, os artistas ajudaram na entrega de <b>3.315 quentinhas<\/b>, acompanhadas de bebidas, para adultos e crian\u00e7as que vivem em situa\u00e7\u00e3o de rua. Registros em v\u00eddeo divulgados na manh\u00e3 seguinte mostraram os famosos interagindo com o p\u00fablico em um clima de carinho, descontra\u00e7\u00e3o e acolhimento.<\/p>\n<h2>Repercuss\u00e3o e apoio dos f\u00e3s<\/h2>\n<p>A iniciativa gerou forte como\u00e7\u00e3o nas redes sociais. Uma p\u00e1gina de f\u00e3s dedicada ao artista internacional destacou a simplicidade do gesto ao comentar que pequenos atos conseguem transformar realidades e incentivar a propaga\u00e7\u00e3o da gentileza.<\/p>\n<h2>Como apoiar o projeto beneficente<\/h2>\n<p>As mobiliza\u00e7\u00f5es do <b>Macarr\u00e3o com Salsicha<\/b> ocorrem todas as segundas-feiras, contando com o preparo e a dedica\u00e7\u00e3o exclusiva de volunt\u00e1rios. Quem deseja colaborar com a causa pode entregar mantimentos em locais parceiros, como a Par\u00f3quia Santo Agostinho, a Par\u00f3quia Santa M\u00f4nica e a Par\u00f3quia Santa Rita de C\u00e1ssia (Matriz). Al\u00e9m disso, o projeto aceita contribui\u00e7\u00f5es financeiras de qualquer valor por meio da chave PIX psarj.macarrao@gmail.com.<\/p>\n<p>Por Reda\u00e7\u00e3o Acontece<\/p>\n<p>Foto: Reprodu\u00e7\u00e3o \/ Redes Sociais<\/p>\n","protected":false},"excerpt":{"rendered":"<p>Na \u00faltima segunda-feira (31), a atriz Bruna Marquezine e o cantor Shawn Mendes surpreenderam o p\u00fablico ao participarem de uma iniciativa solid\u00e1ria nas ruas do Rio de Janeiro. A dupla integrou o grupo de volunt\u00e1rios do projeto beneficente Macarr\u00e3o com Salsicha, que atua no aux\u00edlio a popula\u00e7\u00f5es vulner\u00e1veis. Milhares de refei\u00e7\u00f5es distribu\u00eddas Durante a a\u00e7\u00e3o [&hellip;]<\/p>\n","protected":false},"author":0,"featured_media":33326,"comment_status":"open","ping_status":"open","sticky":false,"template":"","format":"standard","meta":{"footnotes":""},"categories":[28],"tags":[],"class_list":["post-33321","post","type-post","status-publish","format-standard","has-post-thumbnail","hentry","category-mundo"],"_links":{"self":[{"href":"https:\/\/acontecenafronteira.com.br\/index.php\/wp-json\/wp\/v2\/posts\/33321","targetHints":{"allow":["GET"]}}],"collection":[{"href":"https:\/\/acontecenafronteira.com.br\/index.php\/wp-json\/wp\/v2\/posts"}],"about":[{"href":"https:\/\/acontecenafronteira.com.br\/index.php\/wp-json\/wp\/v2\/types\/post"}],"replies":[{"embeddable":true,"href":"https:\/\/acontecenafronteira.com.br\/index.php\/wp-json\/wp\/v2\/comments?post=33321"}],"version-history":[{"count":1,"href":"https:\/\/acontecenafronteira.com.br\/index.php\/wp-json\/wp\/v2\/posts\/33321\/revisions"}],"predecessor-version":[{"id":33325,"href":"https:\/\/acontecenafronteira.com.br\/index.php\/wp-json\/wp\/v2\/posts\/33321\/revisions\/33325"}],"wp:featuredmedia":[{"embeddable":true,"href":"https:\/\/acontecenafronteira.com.br\/index.php\/wp-json\/wp\/v2\/media\/33326"}],"wp:attachment":[{"href":"https:\/\/acontecenafronteira.com.br\/index.php\/wp-json\/wp\/v2\/media?parent=33321"}],"wp:term":[{"taxonomy":"category","embeddable":true,"href":"https:\/\/acontecenafronteira.com.br\/index.php\/wp-json\/wp\/v2\/categories?post=33321"},{"taxonomy":"post_tag","embeddable":true,"href":"https:\/\/acontecenafronteira.com.br\/index.php\/wp-json\/wp\/v2\/tags?post=33321"}],"curies":[{"name":"wp","href":"https:\/\/api.w.org\/{rel}","templated":true}]}}