{"id":33313,"date":"2026-09-01T15:37:26","date_gmt":"2026-09-01T18:37:26","guid":{"rendered":"https:\/\/acontecenafronteira.com.br\/?p=33313"},"modified":"2026-09-01T15:37:26","modified_gmt":"2026-09-01T18:37:26","slug":"aeroporto-de-cascavel-e-liberado-apos-retirada-de-aeronave","status":"publish","type":"post","link":"https:\/\/acontecenafronteira.com.br\/index.php\/2026\/09\/01\/aeroporto-de-cascavel-e-liberado-apos-retirada-de-aeronave\/","title":{"rendered":"Aeroporto de Cascavel \u00e9 liberado ap\u00f3s retirada de aeronave"},"content":{"rendered":"<p>O Aeroporto Regional de Cascavel foi oficialmente liberado nesta ter\u00e7a-feira (1\u00ba) e j\u00e1 se encontra apto para retomar a rotina de pousos e decolagens. O terminal estava temporariamente interditado devido a um incidente com uma aeronave.<\/p>\n<h2>Retomada dos voos na regi\u00e3o<\/h2>\n<p>A libera\u00e7\u00e3o aconteceu ap\u00f3s a conclus\u00e3o bem-sucedida da retirada de um avi\u00e3o pertencente \u00e0 companhia Latam, que havia bloqueado a pista e paralisado as atividades do aeroporto. Equipes especializadas trabalharam rapidamente para remover o obst\u00e1culo com seguran\u00e7a.<\/p>\n<h2>Impacto na rotina do terminal<\/h2>\n<p>Com a \u00e1rea de manobras totalmente limpa e vistoriada, a administra\u00e7\u00e3o do aeroporto confirmou que todas as condi\u00e7\u00f5es de seguran\u00e7a foram restabelecidas para o tr\u00e1fego a\u00e9reo comercial.<\/p>\n<p>Passageiros que tinham viagens programadas devem entrar em contato com suas respectivas companhias a\u00e9reas para verificar o status atualizado de seus voos e eventuais remanejamentos necess\u00e1rios ap\u00f3s o per\u00edodo de interrup\u00e7\u00e3o.<\/p>\n<p>As autoridades aeroportu\u00e1rias refor\u00e7am que a prioridade durante toda a opera\u00e7\u00e3o foi garantir a integridade dos passageiros e a r\u00e1pida normaliza\u00e7\u00e3o dos servi\u00e7os prestados \u00e0 popula\u00e7\u00e3o da regi\u00e3o oeste paranaense.<\/p>\n<p>Por Reda\u00e7\u00e3o Acontece<\/p>\n<p>Cr\u00e9ditos da imagem: Divulga\u00e7\u00e3o\/Aeroporto de Cascavel<\/p>\n","protected":false},"excerpt":{"rendered":"<p>O Aeroporto Regional de Cascavel foi oficialmente liberado nesta ter\u00e7a-feira (1\u00ba) e j\u00e1 se encontra apto para retomar a rotina de pousos e decolagens. O terminal estava temporariamente interditado devido a um incidente com uma aeronave. Retomada dos voos na regi\u00e3o A libera\u00e7\u00e3o aconteceu ap\u00f3s a conclus\u00e3o bem-sucedida da retirada de um avi\u00e3o pertencente \u00e0 [&hellip;]<\/p>\n","protected":false},"author":0,"featured_media":33320,"comment_status":"open","ping_status":"open","sticky":false,"template":"","format":"standard","meta":{"footnotes":""},"categories":[18],"tags":[],"class_list":["post-33313","post","type-post","status-publish","format-standard","has-post-thumbnail","hentry","category-parana"],"_links":{"self":[{"href":"https:\/\/acontecenafronteira.com.br\/index.php\/wp-json\/wp\/v2\/posts\/33313","targetHints":{"allow":["GET"]}}],"collection":[{"href":"https:\/\/acontecenafronteira.com.br\/index.php\/wp-json\/wp\/v2\/posts"}],"about":[{"href":"https:\/\/acontecenafronteira.com.br\/index.php\/wp-json\/wp\/v2\/types\/post"}],"replies":[{"embeddable":true,"href":"https:\/\/acontecenafronteira.com.br\/index.php\/wp-json\/wp\/v2\/comments?post=33313"}],"version-history":[{"count":1,"href":"https:\/\/acontecenafronteira.com.br\/index.php\/wp-json\/wp\/v2\/posts\/33313\/revisions"}],"predecessor-version":[{"id":33319,"href":"https:\/\/acontecenafronteira.com.br\/index.php\/wp-json\/wp\/v2\/posts\/33313\/revisions\/33319"}],"wp:featuredmedia":[{"embeddable":true,"href":"https:\/\/acontecenafronteira.com.br\/index.php\/wp-json\/wp\/v2\/media\/33320"}],"wp:attachment":[{"href":"https:\/\/acontecenafronteira.com.br\/index.php\/wp-json\/wp\/v2\/media?parent=33313"}],"wp:term":[{"taxonomy":"category","embeddable":true,"href":"https:\/\/acontecenafronteira.com.br\/index.php\/wp-json\/wp\/v2\/categories?post=33313"},{"taxonomy":"post_tag","embeddable":true,"href":"https:\/\/acontecenafronteira.com.br\/index.php\/wp-json\/wp\/v2\/tags?post=33313"}],"curies":[{"name":"wp","href":"https:\/\/api.w.org\/{rel}","templated":true}]}}