{"id":33312,"date":"2026-09-01T15:37:10","date_gmt":"2026-09-01T18:37:10","guid":{"rendered":"https:\/\/acontecenafronteira.com.br\/?p=33312"},"modified":"2026-09-01T15:37:10","modified_gmt":"2026-09-01T18:37:10","slug":"parana-libera-plantio-de-soja-apos-fim-do-vazio-sanitario","status":"publish","type":"post","link":"https:\/\/acontecenafronteira.com.br\/index.php\/2026\/09\/01\/parana-libera-plantio-de-soja-apos-fim-do-vazio-sanitario\/","title":{"rendered":"Paran\u00e1 libera plantio de soja ap\u00f3s fim do vazio sanit\u00e1rio"},"content":{"rendered":"<p>Os produtores rurais paranaenses j\u00e1 podem iniciar a semeadura da safra de gr\u00e3os a partir desta ter\u00e7a-feira (1\u00ba), data que marca o encerramento oficial do per\u00edodo de <b>vazio sanit\u00e1rio<\/b> em grande parte do estado. A medida desperta altas expectativas no setor agr\u00edcola, que se prepara para mais um ciclo produtivo intenso.<\/p>\n<h2>Regras para o in\u00edcio da semeadura<\/h2>\n<p>A libera\u00e7\u00e3o ocorre em \u00e1reas estrat\u00e9gicas onde a restri\u00e7\u00e3o sanit\u00e1ria chegou ao fim. O objetivo principal dessa pausa obrigat\u00f3ria no cultivo foi o controle rigoroso da ferrugem asi\u00e1tica, uma das pragas mais destrutivas para as lavouras de <b>gr\u00e3os<\/b>.<\/p>\n<h2>Cuidados fitossanit\u00e1rios essenciais<\/h2>\n<p>Mesmo com a autoriza\u00e7\u00e3o vigente, os agricultores devem seguir \u00e0 risca as recomenda\u00e7\u00f5es dos \u00f3rg\u00e3os de defesa agropecu\u00e1ria. O monitoramento constante das planta\u00e7\u00f5es \u00e9 obrigat\u00f3rio para evitar surpresas desagrad\u00e1veis que possam comprometer a <b>produtividade<\/b> e a rentabilidade da safra.<\/p>\n<p>Especialistas refor\u00e7am a import\u00e2ncia do uso de sementes certificadas e do tratamento adequado para garantir um desenvolvimento inicial vigoroso das plantas, minimizando riscos clim\u00e1ticos e biol\u00f3gicos nesta fase inicial.<\/p>\n<p>Com o solo preparado e a autoriza\u00e7\u00e3o dos \u00f3rg\u00e3os competentes, a expectativa \u00e9 de que o ritmo de semeadura ganhe for\u00e7a nos pr\u00f3ximos dias, impulsionando a economia agr\u00edcola regional e consolidando o estado como um dos maiores <b>produtores<\/b> do pa\u00eds.<\/p>\n<p>Por Reda\u00e7\u00e3o Acontece<\/p>\n<p>Cr\u00e9ditos da imagem: Divulga\u00e7\u00e3o \/ Ag\u00eancia Estadual de Not\u00edcias<\/p>\n","protected":false},"excerpt":{"rendered":"<p>Os produtores rurais paranaenses j\u00e1 podem iniciar a semeadura da safra de gr\u00e3os a partir desta ter\u00e7a-feira (1\u00ba), data que marca o encerramento oficial do per\u00edodo de vazio sanit\u00e1rio em grande parte do estado. A medida desperta altas expectativas no setor agr\u00edcola, que se prepara para mais um ciclo produtivo intenso. Regras para o in\u00edcio [&hellip;]<\/p>\n","protected":false},"author":0,"featured_media":33318,"comment_status":"open","ping_status":"open","sticky":false,"template":"","format":"standard","meta":{"footnotes":""},"categories":[18],"tags":[],"class_list":["post-33312","post","type-post","status-publish","format-standard","has-post-thumbnail","hentry","category-parana"],"_links":{"self":[{"href":"https:\/\/acontecenafronteira.com.br\/index.php\/wp-json\/wp\/v2\/posts\/33312","targetHints":{"allow":["GET"]}}],"collection":[{"href":"https:\/\/acontecenafronteira.com.br\/index.php\/wp-json\/wp\/v2\/posts"}],"about":[{"href":"https:\/\/acontecenafronteira.com.br\/index.php\/wp-json\/wp\/v2\/types\/post"}],"replies":[{"embeddable":true,"href":"https:\/\/acontecenafronteira.com.br\/index.php\/wp-json\/wp\/v2\/comments?post=33312"}],"version-history":[{"count":1,"href":"https:\/\/acontecenafronteira.com.br\/index.php\/wp-json\/wp\/v2\/posts\/33312\/revisions"}],"predecessor-version":[{"id":33317,"href":"https:\/\/acontecenafronteira.com.br\/index.php\/wp-json\/wp\/v2\/posts\/33312\/revisions\/33317"}],"wp:featuredmedia":[{"embeddable":true,"href":"https:\/\/acontecenafronteira.com.br\/index.php\/wp-json\/wp\/v2\/media\/33318"}],"wp:attachment":[{"href":"https:\/\/acontecenafronteira.com.br\/index.php\/wp-json\/wp\/v2\/media?parent=33312"}],"wp:term":[{"taxonomy":"category","embeddable":true,"href":"https:\/\/acontecenafronteira.com.br\/index.php\/wp-json\/wp\/v2\/categories?post=33312"},{"taxonomy":"post_tag","embeddable":true,"href":"https:\/\/acontecenafronteira.com.br\/index.php\/wp-json\/wp\/v2\/tags?post=33312"}],"curies":[{"name":"wp","href":"https:\/\/api.w.org\/{rel}","templated":true}]}}