{"id":33295,"date":"2026-09-01T14:37:49","date_gmt":"2026-09-01T17:37:49","guid":{"rendered":"https:\/\/acontecenafronteira.com.br\/?p=33295"},"modified":"2026-09-01T14:37:49","modified_gmt":"2026-09-01T17:37:49","slug":"mendonca-revela-motivo-para-tirar-sigilo-de-relatorio-da-pf","status":"publish","type":"post","link":"https:\/\/acontecenafronteira.com.br\/index.php\/2026\/09\/01\/mendonca-revela-motivo-para-tirar-sigilo-de-relatorio-da-pf\/","title":{"rendered":"Mendon\u00e7a revela motivo para tirar sigilo de relat\u00f3rio da PF"},"content":{"rendered":"<p>O ministro Andr\u00e9 Mendon\u00e7a decidiu derrubar o sigilo de um relat\u00f3rio da Pol\u00edcia Federal que exp\u00f5e novas conversas entre Daniel Vorcaro e o ministro Alexandre de Moraes, justificando que o processo deve seguir para an\u00e1lise do plen\u00e1rio.<\/p>\n<h2>O futuro do caso no Supremo Tribunal Federal<\/h2>\n<p>Segundo o despacho assinado recentemente pelo magistrado, o rumo natural do processo exige que o caso seja examinado por todo o colegiado da Corte.<\/p>\n<p>A delibera\u00e7\u00e3o ocorrer\u00e1 de maneira p\u00fablica e transparente durante uma sess\u00e3o presencial, cuja data exata ser\u00e1 marcada pelo presidente do Supremo Tribunal Federal, Edson Fachin.<\/p>\n<p>Por Reda\u00e7\u00e3o Acontece<\/p>\n<p>Foto: Divulga\u00e7\u00e3o\/STF<\/p>\n","protected":false},"excerpt":{"rendered":"<p>O ministro Andr\u00e9 Mendon\u00e7a decidiu derrubar o sigilo de um relat\u00f3rio da Pol\u00edcia Federal que exp\u00f5e novas conversas entre Daniel Vorcaro e o ministro Alexandre de Moraes, justificando que o processo deve seguir para an\u00e1lise do plen\u00e1rio. O futuro do caso no Supremo Tribunal Federal Segundo o despacho assinado recentemente pelo magistrado, o rumo natural [&hellip;]<\/p>\n","protected":false},"author":0,"featured_media":33301,"comment_status":"open","ping_status":"open","sticky":false,"template":"","format":"standard","meta":{"footnotes":""},"categories":[28],"tags":[],"class_list":["post-33295","post","type-post","status-publish","format-standard","has-post-thumbnail","hentry","category-mundo"],"_links":{"self":[{"href":"https:\/\/acontecenafronteira.com.br\/index.php\/wp-json\/wp\/v2\/posts\/33295","targetHints":{"allow":["GET"]}}],"collection":[{"href":"https:\/\/acontecenafronteira.com.br\/index.php\/wp-json\/wp\/v2\/posts"}],"about":[{"href":"https:\/\/acontecenafronteira.com.br\/index.php\/wp-json\/wp\/v2\/types\/post"}],"replies":[{"embeddable":true,"href":"https:\/\/acontecenafronteira.com.br\/index.php\/wp-json\/wp\/v2\/comments?post=33295"}],"version-history":[{"count":1,"href":"https:\/\/acontecenafronteira.com.br\/index.php\/wp-json\/wp\/v2\/posts\/33295\/revisions"}],"predecessor-version":[{"id":33300,"href":"https:\/\/acontecenafronteira.com.br\/index.php\/wp-json\/wp\/v2\/posts\/33295\/revisions\/33300"}],"wp:featuredmedia":[{"embeddable":true,"href":"https:\/\/acontecenafronteira.com.br\/index.php\/wp-json\/wp\/v2\/media\/33301"}],"wp:attachment":[{"href":"https:\/\/acontecenafronteira.com.br\/index.php\/wp-json\/wp\/v2\/media?parent=33295"}],"wp:term":[{"taxonomy":"category","embeddable":true,"href":"https:\/\/acontecenafronteira.com.br\/index.php\/wp-json\/wp\/v2\/categories?post=33295"},{"taxonomy":"post_tag","embeddable":true,"href":"https:\/\/acontecenafronteira.com.br\/index.php\/wp-json\/wp\/v2\/tags?post=33295"}],"curies":[{"name":"wp","href":"https:\/\/api.w.org\/{rel}","templated":true}]}}