{"id":33284,"date":"2026-09-01T14:37:07","date_gmt":"2026-09-01T17:37:07","guid":{"rendered":"https:\/\/acontecenafronteira.com.br\/?p=33284"},"modified":"2026-09-01T14:37:07","modified_gmt":"2026-09-01T17:37:07","slug":"tarifa-de-itaipu-trava-e-valor-para-2027-segue-incerto","status":"publish","type":"post","link":"https:\/\/acontecenafronteira.com.br\/index.php\/2026\/09\/01\/tarifa-de-itaipu-trava-e-valor-para-2027-segue-incerto\/","title":{"rendered":"Tarifa de Itaipu trava e valor para 2027 segue incerto"},"content":{"rendered":"<p>Faltando apenas quatro meses para o in\u00edcio das novas normas estabelecidas no acordo firmado entre o Brasil e o Paraguai em 2024, as tratativas referentes \u00e0 tarifa da Usina Hidrel\u00e9trica de Itaipu para o ano de 2027 encontram-se totalmente paralisadas.<\/p>\n<h2>O impasse nas negocia\u00e7\u00f5es binacionais<\/h2>\n<p>A defini\u00e7\u00e3o do valor que ser\u00e1 cobrado pela energia gerada na binacional enfrenta barreiras pol\u00edticas e t\u00e9cnicas entre os dois pa\u00edses vizinhos, gerando preocupa\u00e7\u00e3o no setor el\u00e9trico.<\/p>\n<h2>Proje\u00e7\u00f5es para o futuro da tarifa<\/h2>\n<p>Especialistas apontam que a cota\u00e7\u00e3o da energia da hidrel\u00e9trica poder\u00e1 alcan\u00e7ar a marca de US$ 15 por quilowatt-m\u00eas em 2027, caso os governos brasileiro e paraguaio cheguem a um entendimento comum.<\/p>\n<p>O cen\u00e1rio atual exige urg\u00eancia nas tratativas diplom\u00e1ticas para evitar impactos econ\u00f4micos e garantir a estabilidade no fornecimento e precifica\u00e7\u00e3o energ\u00e9tica para os pr\u00f3ximos anos.<\/p>\n<p>Por Reda\u00e7\u00e3o Acontece<\/p>\n<p>Cr\u00e9ditos da imagem: Divulga\u00e7\u00e3o \/ Itaipu Binacional<\/p>\n","protected":false},"excerpt":{"rendered":"<p>Faltando apenas quatro meses para o in\u00edcio das novas normas estabelecidas no acordo firmado entre o Brasil e o Paraguai em 2024, as tratativas referentes \u00e0 tarifa da Usina Hidrel\u00e9trica de Itaipu para o ano de 2027 encontram-se totalmente paralisadas. O impasse nas negocia\u00e7\u00f5es binacionais A defini\u00e7\u00e3o do valor que ser\u00e1 cobrado pela energia gerada [&hellip;]<\/p>\n","protected":false},"author":0,"featured_media":33291,"comment_status":"open","ping_status":"open","sticky":false,"template":"","format":"standard","meta":{"footnotes":""},"categories":[18],"tags":[],"class_list":["post-33284","post","type-post","status-publish","format-standard","has-post-thumbnail","hentry","category-parana"],"_links":{"self":[{"href":"https:\/\/acontecenafronteira.com.br\/index.php\/wp-json\/wp\/v2\/posts\/33284","targetHints":{"allow":["GET"]}}],"collection":[{"href":"https:\/\/acontecenafronteira.com.br\/index.php\/wp-json\/wp\/v2\/posts"}],"about":[{"href":"https:\/\/acontecenafronteira.com.br\/index.php\/wp-json\/wp\/v2\/types\/post"}],"replies":[{"embeddable":true,"href":"https:\/\/acontecenafronteira.com.br\/index.php\/wp-json\/wp\/v2\/comments?post=33284"}],"version-history":[{"count":1,"href":"https:\/\/acontecenafronteira.com.br\/index.php\/wp-json\/wp\/v2\/posts\/33284\/revisions"}],"predecessor-version":[{"id":33290,"href":"https:\/\/acontecenafronteira.com.br\/index.php\/wp-json\/wp\/v2\/posts\/33284\/revisions\/33290"}],"wp:featuredmedia":[{"embeddable":true,"href":"https:\/\/acontecenafronteira.com.br\/index.php\/wp-json\/wp\/v2\/media\/33291"}],"wp:attachment":[{"href":"https:\/\/acontecenafronteira.com.br\/index.php\/wp-json\/wp\/v2\/media?parent=33284"}],"wp:term":[{"taxonomy":"category","embeddable":true,"href":"https:\/\/acontecenafronteira.com.br\/index.php\/wp-json\/wp\/v2\/categories?post=33284"},{"taxonomy":"post_tag","embeddable":true,"href":"https:\/\/acontecenafronteira.com.br\/index.php\/wp-json\/wp\/v2\/tags?post=33284"}],"curies":[{"name":"wp","href":"https:\/\/api.w.org\/{rel}","templated":true}]}}