{"id":33283,"date":"2026-09-01T14:37:00","date_gmt":"2026-09-01T17:37:00","guid":{"rendered":"https:\/\/acontecenafronteira.com.br\/?p=33283"},"modified":"2026-09-01T14:37:00","modified_gmt":"2026-09-01T17:37:00","slug":"ex-lider-de-gangue-e-condenado-pelo-assassinato-de-tupac","status":"publish","type":"post","link":"https:\/\/acontecenafronteira.com.br\/index.php\/2026\/09\/01\/ex-lider-de-gangue-e-condenado-pelo-assassinato-de-tupac\/","title":{"rendered":"Ex-l\u00edder de gangue \u00e9 condenado pelo assassinato de Tupac"},"content":{"rendered":"<p>Duane \u201cKeffe D\u201d Davis, antigo l\u00edder de uma fac\u00e7\u00e3o criminosa de Los Angeles, foi formalmente responsabilizado judicialmente nesta segunda-feira (31) pela morte do lend\u00e1rio rapper Tupac Shakur, assassinado em um drive-by shooting que chocou o mundo da m\u00fasica na d\u00e9cada de 1990.<\/p>\n<h2>O fim de um mist\u00e9rio de d\u00e9cadas<\/h2>\n<p>A decis\u00e3o da justi\u00e7a americana marca um ponto de virada hist\u00f3rico em um dos casos mais emblem\u00e1ticos e duradouros do hip-hop global. O crime, ocorrido em Las Vegas, permaneceu sem solu\u00e7\u00e3o oficial por muitos anos, alimentando teorias da conspira\u00e7\u00e3o e debates intensos entre f\u00e3s e especialistas em seguran\u00e7a p\u00fablica.<\/p>\n<h2>Investiga\u00e7\u00e3o e desdobramentos<\/h2>\n<p>As autoridades conseguiram avan\u00e7ar nas investiga\u00e7\u00f5es ap\u00f3s declara\u00e7\u00f5es p\u00fablicas feitas pelo pr\u00f3prio r\u00e9u em entrevistas e em sua autobiografia, onde ele admitiu ter fornecido a arma utilizada no atentado. Esses elementos foram cruciais para que o Minist\u00e9rio P\u00fablico reabrisse o caso com novas provas materiais e testemunhais.<\/p>\n<p>O julgamento atraiu aten\u00e7\u00e3o internacional, reacendendo o debate sobre a viol\u00eancia urbana e a rivalidade entre gangues da costa oeste e leste dos Estados Unidos durante a era de ouro do rap.<\/p>\n<p>Com o desfecho judicial, familiares, admiradores e estudiosos da cultura urbana fecham um cap\u00edtulo doloroso, embora a perda irrepar\u00e1vel do artista continue a ser sentida na ind\u00fastria fonogr\u00e1fica at\u00e9 os dias atuais.<\/p>\n<p>Por Reda\u00e7\u00e3o Acontece<\/p>\n<p>Cr\u00e9ditos da imagem: Reprodu\u00e7\u00e3o<\/p>\n","protected":false},"excerpt":{"rendered":"<p>Duane \u201cKeffe D\u201d Davis, antigo l\u00edder de uma fac\u00e7\u00e3o criminosa de Los Angeles, foi formalmente responsabilizado judicialmente nesta segunda-feira (31) pela morte do lend\u00e1rio rapper Tupac Shakur, assassinado em um drive-by shooting que chocou o mundo da m\u00fasica na d\u00e9cada de 1990. O fim de um mist\u00e9rio de d\u00e9cadas A decis\u00e3o da justi\u00e7a americana marca [&hellip;]<\/p>\n","protected":false},"author":0,"featured_media":33289,"comment_status":"open","ping_status":"open","sticky":false,"template":"","format":"standard","meta":{"footnotes":""},"categories":[18],"tags":[],"class_list":["post-33283","post","type-post","status-publish","format-standard","has-post-thumbnail","hentry","category-parana"],"_links":{"self":[{"href":"https:\/\/acontecenafronteira.com.br\/index.php\/wp-json\/wp\/v2\/posts\/33283","targetHints":{"allow":["GET"]}}],"collection":[{"href":"https:\/\/acontecenafronteira.com.br\/index.php\/wp-json\/wp\/v2\/posts"}],"about":[{"href":"https:\/\/acontecenafronteira.com.br\/index.php\/wp-json\/wp\/v2\/types\/post"}],"replies":[{"embeddable":true,"href":"https:\/\/acontecenafronteira.com.br\/index.php\/wp-json\/wp\/v2\/comments?post=33283"}],"version-history":[{"count":1,"href":"https:\/\/acontecenafronteira.com.br\/index.php\/wp-json\/wp\/v2\/posts\/33283\/revisions"}],"predecessor-version":[{"id":33288,"href":"https:\/\/acontecenafronteira.com.br\/index.php\/wp-json\/wp\/v2\/posts\/33283\/revisions\/33288"}],"wp:featuredmedia":[{"embeddable":true,"href":"https:\/\/acontecenafronteira.com.br\/index.php\/wp-json\/wp\/v2\/media\/33289"}],"wp:attachment":[{"href":"https:\/\/acontecenafronteira.com.br\/index.php\/wp-json\/wp\/v2\/media?parent=33283"}],"wp:term":[{"taxonomy":"category","embeddable":true,"href":"https:\/\/acontecenafronteira.com.br\/index.php\/wp-json\/wp\/v2\/categories?post=33283"},{"taxonomy":"post_tag","embeddable":true,"href":"https:\/\/acontecenafronteira.com.br\/index.php\/wp-json\/wp\/v2\/tags?post=33283"}],"curies":[{"name":"wp","href":"https:\/\/api.w.org\/{rel}","templated":true}]}}