{"id":33282,"date":"2026-09-01T14:36:56","date_gmt":"2026-09-01T17:36:56","guid":{"rendered":"https:\/\/acontecenafronteira.com.br\/?p=33282"},"modified":"2026-09-01T14:36:56","modified_gmt":"2026-09-01T17:36:56","slug":"stj-mantem-prisao-de-tenente-coronel-por-morte-da-esposa","status":"publish","type":"post","link":"https:\/\/acontecenafronteira.com.br\/index.php\/2026\/09\/01\/stj-mantem-prisao-de-tenente-coronel-por-morte-da-esposa\/","title":{"rendered":"STJ mant\u00e9m pris\u00e3o de tenente-coronel por morte da esposa"},"content":{"rendered":"<p>O Superior Tribunal de Justi\u00e7a (STJ) determinou a manuten\u00e7\u00e3o da pris\u00e3o preventiva de um tenente-coronel da reserva da Pol\u00edcia Militar de S\u00e3o Paulo, que \u00e9 acusado de assassinar a pr\u00f3pria companheira.<\/p>\n<h2>Decis\u00e3o do STJ<\/h2>\n<p>O ministro Reynaldo Soares da Fonseca foi o respons\u00e1vel por negar o pedido de habeas corpus apresentado pela defesa do oficial. A ordem de pris\u00e3o cautelar, portanto, continua vigorando enquanto o processo segue em andamento na justi\u00e7a paulista.<\/p>\n<h2>Contexto das investiga\u00e7\u00f5es<\/h2>\n<p>De acordo com as apura\u00e7\u00f5es conduzidas pelas autoridades policiais, o crime chocou a sociedade pelo envolvimento de um agente de seguran\u00e7a p\u00fablica da ativa na \u00e9poca dos fatos. Os investigadores reuniram provas robustas que apontam a autoria do homic\u00eddio direcionada ao militar da reserva.<\/p>\n<p>A defesa tentava reverter a cust\u00f3dia cautelar alegando falta de fundamenta\u00e7\u00e3o legal para manter o r\u00e9u encarcerado antes de um julgamento definitivo pelo Tribunal do J\u00fari. No entanto, o entendimento da corte superior prevaleceu no sentido de assegurar a ordem p\u00fablica e garantir a instru\u00e7\u00e3o criminal.<\/p>\n<p>O caso segue tramitando nas inst\u00e2ncias competentes do Poder Judici\u00e1rio, onde ser\u00e3o analisadas as teses da acusa\u00e7\u00e3o e da defesa at\u00e9 o desfecho definitivo do processo penal.<\/p>\n<p>Por Reda\u00e7\u00e3o Acontece<\/p>\n<p>Cr\u00e9ditos da imagem: Divulga\u00e7\u00e3o\/STJ<\/p>\n","protected":false},"excerpt":{"rendered":"<p>O Superior Tribunal de Justi\u00e7a (STJ) determinou a manuten\u00e7\u00e3o da pris\u00e3o preventiva de um tenente-coronel da reserva da Pol\u00edcia Militar de S\u00e3o Paulo, que \u00e9 acusado de assassinar a pr\u00f3pria companheira. Decis\u00e3o do STJ O ministro Reynaldo Soares da Fonseca foi o respons\u00e1vel por negar o pedido de habeas corpus apresentado pela defesa do oficial. [&hellip;]<\/p>\n","protected":false},"author":0,"featured_media":33287,"comment_status":"open","ping_status":"open","sticky":false,"template":"","format":"standard","meta":{"footnotes":""},"categories":[18],"tags":[],"class_list":["post-33282","post","type-post","status-publish","format-standard","has-post-thumbnail","hentry","category-parana"],"_links":{"self":[{"href":"https:\/\/acontecenafronteira.com.br\/index.php\/wp-json\/wp\/v2\/posts\/33282","targetHints":{"allow":["GET"]}}],"collection":[{"href":"https:\/\/acontecenafronteira.com.br\/index.php\/wp-json\/wp\/v2\/posts"}],"about":[{"href":"https:\/\/acontecenafronteira.com.br\/index.php\/wp-json\/wp\/v2\/types\/post"}],"replies":[{"embeddable":true,"href":"https:\/\/acontecenafronteira.com.br\/index.php\/wp-json\/wp\/v2\/comments?post=33282"}],"version-history":[{"count":1,"href":"https:\/\/acontecenafronteira.com.br\/index.php\/wp-json\/wp\/v2\/posts\/33282\/revisions"}],"predecessor-version":[{"id":33286,"href":"https:\/\/acontecenafronteira.com.br\/index.php\/wp-json\/wp\/v2\/posts\/33282\/revisions\/33286"}],"wp:featuredmedia":[{"embeddable":true,"href":"https:\/\/acontecenafronteira.com.br\/index.php\/wp-json\/wp\/v2\/media\/33287"}],"wp:attachment":[{"href":"https:\/\/acontecenafronteira.com.br\/index.php\/wp-json\/wp\/v2\/media?parent=33282"}],"wp:term":[{"taxonomy":"category","embeddable":true,"href":"https:\/\/acontecenafronteira.com.br\/index.php\/wp-json\/wp\/v2\/categories?post=33282"},{"taxonomy":"post_tag","embeddable":true,"href":"https:\/\/acontecenafronteira.com.br\/index.php\/wp-json\/wp\/v2\/tags?post=33282"}],"curies":[{"name":"wp","href":"https:\/\/api.w.org\/{rel}","templated":true}]}}