{"id":33275,"date":"2026-09-01T14:36:29","date_gmt":"2026-09-01T17:36:29","guid":{"rendered":"https:\/\/acontecenafronteira.com.br\/?p=33275"},"modified":"2026-09-01T14:36:29","modified_gmt":"2026-09-01T17:36:29","slug":"fenomeno-da-leitura-waldson-dias-e-homenageado-em-foz","status":"publish","type":"post","link":"https:\/\/acontecenafronteira.com.br\/index.php\/2026\/09\/01\/fenomeno-da-leitura-waldson-dias-e-homenageado-em-foz\/","title":{"rendered":"Fen\u00f4meno da leitura: Waldson Dias \u00e9 homenageado em Foz"},"content":{"rendered":"<p>Com a impressionante marca de 208 obras conclu\u00eddas anualmente, Waldson Dias foi o grande homenageado da 21\u00aa edi\u00e7\u00e3o da Feira Internacional do Livro de Foz do Igua\u00e7u.<\/p>\n<h2>Um legado para a literatura local<\/h2>\n<p>O leitor ass\u00edduo, que atua como embaixador honor\u00edfico do evento cultural, ostenta uma rotina liter\u00e1ria avassaladora. O volume de leitura de Dias supera em impressionantes 52 vezes a m\u00e9dia registrada em todo o territ\u00f3rio nacional.<\/p>\n<h2>Acervo impressionante e pioneirismo<\/h2>\n<p>Sua paix\u00e3o pelos livros se reflete tamb\u00e9m na estrutura f\u00edsica que construiu ao longo dos anos. Em sua resid\u00eancia, ele mant\u00e9m uma biblioteca particular robusta que ultrapassa a marca de 3,5 mil exemplares catalogados.<\/p>\n<p>A rela\u00e7\u00e3o de Dias com o festival vai muito al\u00e9m de seu h\u00e1bito de leitura. Ele esteve diretamente envolvido na concep\u00e7\u00e3o e funda\u00e7\u00e3o da primeira edi\u00e7\u00e3o do evento liter\u00e1rio na cidade, realizada no ano de 2005.<\/p>\n<p>A homenagem na vig\u00e9sima primeira edi\u00e7\u00e3o coroa anos de dedica\u00e7\u00e3o \u00e0 difus\u00e3o da cultura e do h\u00e1bito da leitura na regi\u00e3o de fronteira.<\/p>\n<p>Por Reda\u00e7\u00e3o Acontece<\/p>\n<p>Cr\u00e9ditos da imagem: Divulga\u00e7\u00e3o \/ Feira do Livro de Foz<\/p>\n","protected":false},"excerpt":{"rendered":"<p>Com a impressionante marca de 208 obras conclu\u00eddas anualmente, Waldson Dias foi o grande homenageado da 21\u00aa edi\u00e7\u00e3o da Feira Internacional do Livro de Foz do Igua\u00e7u. Um legado para a literatura local O leitor ass\u00edduo, que atua como embaixador honor\u00edfico do evento cultural, ostenta uma rotina liter\u00e1ria avassaladora. O volume de leitura de Dias [&hellip;]<\/p>\n","protected":false},"author":0,"featured_media":33279,"comment_status":"open","ping_status":"open","sticky":false,"template":"","format":"standard","meta":{"footnotes":""},"categories":[4],"tags":[],"class_list":["post-33275","post","type-post","status-publish","format-standard","has-post-thumbnail","hentry","category-cidade"],"_links":{"self":[{"href":"https:\/\/acontecenafronteira.com.br\/index.php\/wp-json\/wp\/v2\/posts\/33275","targetHints":{"allow":["GET"]}}],"collection":[{"href":"https:\/\/acontecenafronteira.com.br\/index.php\/wp-json\/wp\/v2\/posts"}],"about":[{"href":"https:\/\/acontecenafronteira.com.br\/index.php\/wp-json\/wp\/v2\/types\/post"}],"replies":[{"embeddable":true,"href":"https:\/\/acontecenafronteira.com.br\/index.php\/wp-json\/wp\/v2\/comments?post=33275"}],"version-history":[{"count":1,"href":"https:\/\/acontecenafronteira.com.br\/index.php\/wp-json\/wp\/v2\/posts\/33275\/revisions"}],"predecessor-version":[{"id":33278,"href":"https:\/\/acontecenafronteira.com.br\/index.php\/wp-json\/wp\/v2\/posts\/33275\/revisions\/33278"}],"wp:featuredmedia":[{"embeddable":true,"href":"https:\/\/acontecenafronteira.com.br\/index.php\/wp-json\/wp\/v2\/media\/33279"}],"wp:attachment":[{"href":"https:\/\/acontecenafronteira.com.br\/index.php\/wp-json\/wp\/v2\/media?parent=33275"}],"wp:term":[{"taxonomy":"category","embeddable":true,"href":"https:\/\/acontecenafronteira.com.br\/index.php\/wp-json\/wp\/v2\/categories?post=33275"},{"taxonomy":"post_tag","embeddable":true,"href":"https:\/\/acontecenafronteira.com.br\/index.php\/wp-json\/wp\/v2\/tags?post=33275"}],"curies":[{"name":"wp","href":"https:\/\/api.w.org\/{rel}","templated":true}]}}