{"id":33257,"date":"2026-09-01T13:36:24","date_gmt":"2026-09-01T16:36:24","guid":{"rendered":"https:\/\/acontecenafronteira.com.br\/?p=33257"},"modified":"2026-09-01T13:36:24","modified_gmt":"2026-09-01T16:36:24","slug":"novas-regras-para-patinetes-e-bikes-eletricas-em-foz","status":"publish","type":"post","link":"https:\/\/acontecenafronteira.com.br\/index.php\/2026\/09\/01\/novas-regras-para-patinetes-e-bikes-eletricas-em-foz\/","title":{"rendered":"Novas regras para patinetes e bikes el\u00e9tricas em Foz"},"content":{"rendered":"<p>Motoristas e pedestres em Foz do Igua\u00e7u precisam ficar atentos \u00e0s novas normas de tr\u00e2nsito que regulamentam o uso de <b>patinetes e bicicletas el\u00e9tricas<\/b> na regi\u00e3o.<\/p>\n<h2>Idade m\u00ednima e restri\u00e7\u00f5es de circula\u00e7\u00e3o<\/h2>\n<p>A medida nacional estabelece que condutores desses ve\u00edculos devem ter, obrigatoriamente, <b>pelo menos 16 anos<\/b> de idade para trafegar pelas vias p\u00fablicas permitidas.<\/p>\n<h2>Onde n\u00e3o \u00e9 permitido andar<\/h2>\n<p>Al\u00e9m do limite de idade, a legisla\u00e7\u00e3o determina a proibi\u00e7\u00e3o total da circula\u00e7\u00e3o de <b>bicicletas el\u00e9tricas e patinetes<\/b> em cal\u00e7adas destinadas aos pedestres e tamb\u00e9m em rodovias de tr\u00e2nsito r\u00e1pido.<\/p>\n<p>As novas diretrizes buscam organizar o fluxo urbano e garantir maior seguran\u00e7a para todos que compartilham o espa\u00e7o das ruas nas cidades paranaenses.<\/p>\n<p>Por Reda\u00e7\u00e3o Acontece<\/p>\n<p>Cr\u00e9ditos da imagem: Divulga\u00e7\u00e3o \/ Prefeitura<\/p>\n","protected":false},"excerpt":{"rendered":"<p>Motoristas e pedestres em Foz do Igua\u00e7u precisam ficar atentos \u00e0s novas normas de tr\u00e2nsito que regulamentam o uso de patinetes e bicicletas el\u00e9tricas na regi\u00e3o. Idade m\u00ednima e restri\u00e7\u00f5es de circula\u00e7\u00e3o A medida nacional estabelece que condutores desses ve\u00edculos devem ter, obrigatoriamente, pelo menos 16 anos de idade para trafegar pelas vias p\u00fablicas permitidas. [&hellip;]<\/p>\n","protected":false},"author":0,"featured_media":33259,"comment_status":"open","ping_status":"open","sticky":false,"template":"","format":"standard","meta":{"footnotes":""},"categories":[4],"tags":[],"class_list":["post-33257","post","type-post","status-publish","format-standard","has-post-thumbnail","hentry","category-cidade"],"_links":{"self":[{"href":"https:\/\/acontecenafronteira.com.br\/index.php\/wp-json\/wp\/v2\/posts\/33257","targetHints":{"allow":["GET"]}}],"collection":[{"href":"https:\/\/acontecenafronteira.com.br\/index.php\/wp-json\/wp\/v2\/posts"}],"about":[{"href":"https:\/\/acontecenafronteira.com.br\/index.php\/wp-json\/wp\/v2\/types\/post"}],"replies":[{"embeddable":true,"href":"https:\/\/acontecenafronteira.com.br\/index.php\/wp-json\/wp\/v2\/comments?post=33257"}],"version-history":[{"count":1,"href":"https:\/\/acontecenafronteira.com.br\/index.php\/wp-json\/wp\/v2\/posts\/33257\/revisions"}],"predecessor-version":[{"id":33258,"href":"https:\/\/acontecenafronteira.com.br\/index.php\/wp-json\/wp\/v2\/posts\/33257\/revisions\/33258"}],"wp:featuredmedia":[{"embeddable":true,"href":"https:\/\/acontecenafronteira.com.br\/index.php\/wp-json\/wp\/v2\/media\/33259"}],"wp:attachment":[{"href":"https:\/\/acontecenafronteira.com.br\/index.php\/wp-json\/wp\/v2\/media?parent=33257"}],"wp:term":[{"taxonomy":"category","embeddable":true,"href":"https:\/\/acontecenafronteira.com.br\/index.php\/wp-json\/wp\/v2\/categories?post=33257"},{"taxonomy":"post_tag","embeddable":true,"href":"https:\/\/acontecenafronteira.com.br\/index.php\/wp-json\/wp\/v2\/tags?post=33257"}],"curies":[{"name":"wp","href":"https:\/\/api.w.org\/{rel}","templated":true}]}}