{"id":33251,"date":"2026-09-01T12:37:51","date_gmt":"2026-09-01T15:37:51","guid":{"rendered":"https:\/\/acontecenafronteira.com.br\/?p=33251"},"modified":"2026-09-01T12:37:51","modified_gmt":"2026-09-01T15:37:51","slug":"aluna-de-cascavel-vai-a-final-nacional-de-oratoria","status":"publish","type":"post","link":"https:\/\/acontecenafronteira.com.br\/index.php\/2026\/09\/01\/aluna-de-cascavel-vai-a-final-nacional-de-oratoria\/","title":{"rendered":"Aluna de Cascavel vai \u00e0 final nacional de orat\u00f3ria"},"content":{"rendered":"<p>Uma estudante da rede p\u00fablica de Cascavel alcan\u00e7ou um feito hist\u00f3rico ao garantir sua classifica\u00e7\u00e3o para a final nacional do concurso <strong>Orat\u00f3ria nas Escolas 2026<\/strong>, iniciativa promovida pela <strong>JCI<\/strong> (Junior Chamber International).<\/p>\n<h2>O caminho at\u00e9 a vit\u00f3ria estadual<\/h2>\n<p>A representante cascavelense superou diversos concorrentes ao longo das fases eliminat\u00f3rias, demonstrando grande capacidade de comunica\u00e7\u00e3o, seguran\u00e7a e argumenta\u00e7\u00e3o diante dos jurados na etapa do Paran\u00e1.<\/p>\n<h3>Apoio da comunidade escolar<\/h3>\n<p>O desempenho de destaque \u00e9 fruto de dedica\u00e7\u00e3o intensa da aluna e do suporte oferecido pelos professores e gestores da institui\u00e7\u00e3o de ensino p\u00fablica onde ela estuda, evidenciando a qualidade do ensino p\u00fablico municipal.<\/p>\n<h2>Expectativa para a decis\u00e3o no Brasil<\/h2>\n<p>Com a conquista in\u00e9dita no estado, a jovem agora foca os seus estudos e treinamentos na prepara\u00e7\u00e3o para a disputa final contra os melhores talentos de outras regi\u00f5es do pa\u00eds.<\/p>\n<p>O projeto nacional busca incentivar o pensamento cr\u00edtico e a arte de falar em p\u00fablico entre os jovens matriculados no ensino fundamental e m\u00e9dio.<\/p>\n<p>A expectativa da delega\u00e7\u00e3o paranaense \u00e9 alta, visto que a oradora demonstrou maturidade incomum e dom\u00ednio completo do tema abordado durante as apresenta\u00e7\u00f5es anteriores.<\/p>\n<p>A grande final reunir\u00e1 os vencedores estaduais em um evento que celebra a juventude, a lideran\u00e7a e o poder da palavra na transforma\u00e7\u00e3o social.<\/p>\n<p>Por Reda\u00e7\u00e3o Acontece<\/p>\n<p>Cr\u00e9ditos da imagem: Divulga\u00e7\u00e3o \/ JCI<\/p>\n","protected":false},"excerpt":{"rendered":"<p>Uma estudante da rede p\u00fablica de Cascavel alcan\u00e7ou um feito hist\u00f3rico ao garantir sua classifica\u00e7\u00e3o para a final nacional do concurso Orat\u00f3ria nas Escolas 2026, iniciativa promovida pela JCI (Junior Chamber International). O caminho at\u00e9 a vit\u00f3ria estadual A representante cascavelense superou diversos concorrentes ao longo das fases eliminat\u00f3rias, demonstrando grande capacidade de comunica\u00e7\u00e3o, seguran\u00e7a [&hellip;]<\/p>\n","protected":false},"author":0,"featured_media":33256,"comment_status":"open","ping_status":"open","sticky":false,"template":"","format":"standard","meta":{"footnotes":""},"categories":[18],"tags":[],"class_list":["post-33251","post","type-post","status-publish","format-standard","has-post-thumbnail","hentry","category-parana"],"_links":{"self":[{"href":"https:\/\/acontecenafronteira.com.br\/index.php\/wp-json\/wp\/v2\/posts\/33251","targetHints":{"allow":["GET"]}}],"collection":[{"href":"https:\/\/acontecenafronteira.com.br\/index.php\/wp-json\/wp\/v2\/posts"}],"about":[{"href":"https:\/\/acontecenafronteira.com.br\/index.php\/wp-json\/wp\/v2\/types\/post"}],"replies":[{"embeddable":true,"href":"https:\/\/acontecenafronteira.com.br\/index.php\/wp-json\/wp\/v2\/comments?post=33251"}],"version-history":[{"count":1,"href":"https:\/\/acontecenafronteira.com.br\/index.php\/wp-json\/wp\/v2\/posts\/33251\/revisions"}],"predecessor-version":[{"id":33255,"href":"https:\/\/acontecenafronteira.com.br\/index.php\/wp-json\/wp\/v2\/posts\/33251\/revisions\/33255"}],"wp:featuredmedia":[{"embeddable":true,"href":"https:\/\/acontecenafronteira.com.br\/index.php\/wp-json\/wp\/v2\/media\/33256"}],"wp:attachment":[{"href":"https:\/\/acontecenafronteira.com.br\/index.php\/wp-json\/wp\/v2\/media?parent=33251"}],"wp:term":[{"taxonomy":"category","embeddable":true,"href":"https:\/\/acontecenafronteira.com.br\/index.php\/wp-json\/wp\/v2\/categories?post=33251"},{"taxonomy":"post_tag","embeddable":true,"href":"https:\/\/acontecenafronteira.com.br\/index.php\/wp-json\/wp\/v2\/tags?post=33251"}],"curies":[{"name":"wp","href":"https:\/\/api.w.org\/{rel}","templated":true}]}}