{"id":33234,"date":"2026-09-01T12:37:17","date_gmt":"2026-09-01T15:37:17","guid":{"rendered":"https:\/\/acontecenafronteira.com.br\/?p=33234"},"modified":"2026-09-01T12:37:17","modified_gmt":"2026-09-01T15:37:17","slug":"frente-fria-e-geada-no-parana-apos-tempestades-e-ciclone","status":"publish","type":"post","link":"https:\/\/acontecenafronteira.com.br\/index.php\/2026\/09\/01\/frente-fria-e-geada-no-parana-apos-tempestades-e-ciclone\/","title":{"rendered":"Frente fria e geada no Paran\u00e1 ap\u00f3s tempestades e ciclone"},"content":{"rendered":"<p>O estado do Paran\u00e1 se prepara para uma mudan\u00e7a dr\u00e1stica nas condi\u00e7\u00f5es meteorol\u00f3gicas ap\u00f3s enfrentar tempestades severas e os reflexos de um ciclone oce\u00e2nico no in\u00edcio da semana.<\/p>\n<h2>Instabilidade e chuvas fortes nesta ter\u00e7a-feira<\/h2>\n<p>Nesta ter\u00e7a-feira (1), o tempo ainda permanece inst\u00e1vel em v\u00e1rias regi\u00f5es paranaenses, com maior concentra\u00e7\u00e3o de precipita\u00e7\u00f5es nos Campos Gerais, al\u00e9m das regi\u00f5es central e leste. Uma nova frente fria avan\u00e7a pelo territ\u00f3rio, mantendo o alerta para temporais isolados, incid\u00eancia de raios, quedas de granizo e rajadas intensas de vento, especialmente durante a madrugada e o per\u00edodo matutino. Contudo, ao longo do dia, o sistema come\u00e7a a se deslocar em dire\u00e7\u00e3o ao Sudeste, enfraquecendo as instabilidades.<\/p>\n<h2>Chegada de massa polar e risco de geada<\/h2>\n<p>Com o afastamento da frente fria, uma forte massa de ar polar ingressa no estado, derrubando acentuadamente os term\u00f4metros e trazendo um cen\u00e1rio de tempo mais seco. O Sistema de Tecnologia e Monitoramento Ambiental do Paran\u00e1 (Simepar) alerta para a possibilidade de geadas fracas e localizadas. Na quarta-feira (2), o fen\u00f4meno pode ocorrer no extremo sul paranaense. J\u00e1 na quinta-feira (3), o risco se estende para o centro-sul, Regi\u00e3o Metropolitana de Curitiba e Campos Gerais, onde as madrugadas ser\u00e3o bastante geladas.<\/p>\n<h2>Previs\u00e3o detalhada para os pr\u00f3ximos dias<\/h2>\n<p>A quarta-feira ser\u00e1 marcada pela estabiliza\u00e7\u00e3o do clima em praticamente todo o estado, proporcionando um dia firme, embora com manh\u00e3s frias. Na quinta-feira (3), a aus\u00eancia de chuvas continua, com as temperaturas em gradual eleva\u00e7\u00e3o \u00e0 tarde, principalmente nas regi\u00f5es oeste e noroeste. Para a sexta-feira (4), o amanhecer segue gelado no centro-sul, mas o calor come\u00e7a a retornar. No entanto, a aproxima\u00e7\u00e3o de uma nova frente fria pelo oceano poder\u00e1 trazer pancadas fracas e isoladas para o oeste, sudoeste e noroeste paranaense.<\/p>\n<p>Por Reda\u00e7\u00e3o Acontece<\/p>\n<p>Reprodu\u00e7\u00e3o\/Simepar<\/p>\n","protected":false},"excerpt":{"rendered":"<p>O estado do Paran\u00e1 se prepara para uma mudan\u00e7a dr\u00e1stica nas condi\u00e7\u00f5es meteorol\u00f3gicas ap\u00f3s enfrentar tempestades severas e os reflexos de um ciclone oce\u00e2nico no in\u00edcio da semana. Instabilidade e chuvas fortes nesta ter\u00e7a-feira Nesta ter\u00e7a-feira (1), o tempo ainda permanece inst\u00e1vel em v\u00e1rias regi\u00f5es paranaenses, com maior concentra\u00e7\u00e3o de precipita\u00e7\u00f5es nos Campos Gerais, al\u00e9m [&hellip;]<\/p>\n","protected":false},"author":0,"featured_media":33242,"comment_status":"open","ping_status":"open","sticky":false,"template":"","format":"standard","meta":{"footnotes":""},"categories":[18],"tags":[],"class_list":["post-33234","post","type-post","status-publish","format-standard","has-post-thumbnail","hentry","category-parana"],"_links":{"self":[{"href":"https:\/\/acontecenafronteira.com.br\/index.php\/wp-json\/wp\/v2\/posts\/33234","targetHints":{"allow":["GET"]}}],"collection":[{"href":"https:\/\/acontecenafronteira.com.br\/index.php\/wp-json\/wp\/v2\/posts"}],"about":[{"href":"https:\/\/acontecenafronteira.com.br\/index.php\/wp-json\/wp\/v2\/types\/post"}],"replies":[{"embeddable":true,"href":"https:\/\/acontecenafronteira.com.br\/index.php\/wp-json\/wp\/v2\/comments?post=33234"}],"version-history":[{"count":1,"href":"https:\/\/acontecenafronteira.com.br\/index.php\/wp-json\/wp\/v2\/posts\/33234\/revisions"}],"predecessor-version":[{"id":33241,"href":"https:\/\/acontecenafronteira.com.br\/index.php\/wp-json\/wp\/v2\/posts\/33234\/revisions\/33241"}],"wp:featuredmedia":[{"embeddable":true,"href":"https:\/\/acontecenafronteira.com.br\/index.php\/wp-json\/wp\/v2\/media\/33242"}],"wp:attachment":[{"href":"https:\/\/acontecenafronteira.com.br\/index.php\/wp-json\/wp\/v2\/media?parent=33234"}],"wp:term":[{"taxonomy":"category","embeddable":true,"href":"https:\/\/acontecenafronteira.com.br\/index.php\/wp-json\/wp\/v2\/categories?post=33234"},{"taxonomy":"post_tag","embeddable":true,"href":"https:\/\/acontecenafronteira.com.br\/index.php\/wp-json\/wp\/v2\/tags?post=33234"}],"curies":[{"name":"wp","href":"https:\/\/api.w.org\/{rel}","templated":true}]}}