{"id":33232,"date":"2026-09-01T12:36:57","date_gmt":"2026-09-01T15:36:57","guid":{"rendered":"https:\/\/acontecenafronteira.com.br\/?p=33232"},"modified":"2026-09-01T12:36:57","modified_gmt":"2026-09-01T15:36:57","slug":"video-flagra-pouso-de-aviao-da-latam-que-atolou-no-parana","status":"publish","type":"post","link":"https:\/\/acontecenafronteira.com.br\/index.php\/2026\/09\/01\/video-flagra-pouso-de-aviao-da-latam-que-atolou-no-parana\/","title":{"rendered":"V\u00eddeo flagra pouso de avi\u00e3o da Latam que atolou no Paran\u00e1"},"content":{"rendered":"<p>V\u00eddeo flagra pouso de avi\u00e3o da Latam que atolou no Paran\u00e1 Veja o v\u00eddeo do pouso de um avi\u00e3o da Latam que saiu da pista e atolou na lama no Paran\u00e1. A aeronave trazia 151 pessoas e ningu\u00e9m se feriu. Um registro em v\u00eddeo divulgado nesta semana mostra a aproxima\u00e7\u00e3o e o pouso de uma aeronave da Latam que acabou saindo da pista e atolando em uma \u00e1rea de lama no Aeroporto Regional de Cascavel, localizado no Oeste do paranaense. <\/p>\n<h2>Detalhes do voo e condi\u00e7\u00f5es clim\u00e1ticas<\/h2>\n<p>O incidente ocorreu na manh\u00e3 de segunda-feira (31) com o voo LA3858, que decolou do Aeroporto Internacional de Guarulhos, em S\u00e3o Paulo, tendo como destino final o munic\u00edpio paranaense. No total, 145 passageiros e seis tripulantes estavam a bordo da aeronave, totalizando 151 pessoas. Felizmente, n\u00e3o houve registro de feridos.<\/p>\n<h2>Imagens e situa\u00e7\u00e3o da pista<\/h2>\n<p>As grava\u00e7\u00f5es revelam o momento em que o avi\u00e3o toca o solo em meio a uma forte chuva e ac\u00famulo de \u00e1gua na pista, embora o momento exato da derrapagem n\u00e3o apare\u00e7a no trecho divulgado. Ap\u00f3s ultrapassar os limites do pavimento, o ve\u00edculo parou preso na lama.<\/p>\n<h2>Investiga\u00e7\u00e3o oficial e reabertura<\/h2>\n<p>O Centro de Investiga\u00e7\u00e3o e Preven\u00e7\u00e3o de Acidentes Aeron\u00e1uticos (Cenipa) iniciou os procedimentos de A\u00e7\u00e3o Inicial para coletar dados, verificar eventuais danos e entender os fatores contribuintes para o ocorrido. O objetivo do \u00f3rg\u00e3o \u00e9 a preven\u00e7\u00e3o de novos incidentes, sem apontar culpas. A retirada completa do transporte ocorreu \u00e0s 10h da ter\u00e7a-feira (1), permitindo a reabertura do terminal a\u00e9reo.<\/p>\n<h2>Impactos na opera\u00e7\u00e3o da companhia<\/h2>\n<p>Como consequ\u00eancia do contratempo, a rota de retorno entre Cascavel e Guarulhos foi cancelada pela empresa a\u00e9rea. Os clientes afetados receberam suporte e foram redirecionados para outras opera\u00e7\u00f5es partindo de Foz do Igua\u00e7u. A companhia declarou total colabora\u00e7\u00e3o com as investiga\u00e7\u00f5es e refor\u00e7ou que prioriza rigorosos padr\u00f5es de seguran\u00e7a t\u00e9cnica em seus voos.<\/p>\n<p> Por Reda\u00e7\u00e3o Acontece Imagem: Reprodu\u00e7\u00e3o\/V\u00eddeo<\/p>\n","protected":false},"excerpt":{"rendered":"<p>V\u00eddeo flagra pouso de avi\u00e3o da Latam que atolou no Paran\u00e1 Veja o v\u00eddeo do pouso de um avi\u00e3o da Latam que saiu da pista e atolou na lama no Paran\u00e1. A aeronave trazia 151 pessoas e ningu\u00e9m se feriu. Um registro em v\u00eddeo divulgado nesta semana mostra a aproxima\u00e7\u00e3o e o pouso de uma [&hellip;]<\/p>\n","protected":false},"author":0,"featured_media":33238,"comment_status":"open","ping_status":"open","sticky":false,"template":"","format":"standard","meta":{"footnotes":""},"categories":[18],"tags":[],"class_list":["post-33232","post","type-post","status-publish","format-standard","has-post-thumbnail","hentry","category-parana"],"_links":{"self":[{"href":"https:\/\/acontecenafronteira.com.br\/index.php\/wp-json\/wp\/v2\/posts\/33232","targetHints":{"allow":["GET"]}}],"collection":[{"href":"https:\/\/acontecenafronteira.com.br\/index.php\/wp-json\/wp\/v2\/posts"}],"about":[{"href":"https:\/\/acontecenafronteira.com.br\/index.php\/wp-json\/wp\/v2\/types\/post"}],"replies":[{"embeddable":true,"href":"https:\/\/acontecenafronteira.com.br\/index.php\/wp-json\/wp\/v2\/comments?post=33232"}],"version-history":[{"count":1,"href":"https:\/\/acontecenafronteira.com.br\/index.php\/wp-json\/wp\/v2\/posts\/33232\/revisions"}],"predecessor-version":[{"id":33237,"href":"https:\/\/acontecenafronteira.com.br\/index.php\/wp-json\/wp\/v2\/posts\/33232\/revisions\/33237"}],"wp:featuredmedia":[{"embeddable":true,"href":"https:\/\/acontecenafronteira.com.br\/index.php\/wp-json\/wp\/v2\/media\/33238"}],"wp:attachment":[{"href":"https:\/\/acontecenafronteira.com.br\/index.php\/wp-json\/wp\/v2\/media?parent=33232"}],"wp:term":[{"taxonomy":"category","embeddable":true,"href":"https:\/\/acontecenafronteira.com.br\/index.php\/wp-json\/wp\/v2\/categories?post=33232"},{"taxonomy":"post_tag","embeddable":true,"href":"https:\/\/acontecenafronteira.com.br\/index.php\/wp-json\/wp\/v2\/tags?post=33232"}],"curies":[{"name":"wp","href":"https:\/\/api.w.org\/{rel}","templated":true}]}}